{"id":147892,"date":"2020-01-21T08:42:39","date_gmt":"2020-01-21T11:42:39","guid":{"rendered":"http:\/\/www.caririemacao.com\/1\/?p=147892"},"modified":"2020-01-21T08:42:39","modified_gmt":"2020-01-21T11:42:39","slug":"tres-pessoas-sao-presas-transportando-drogas","status":"publish","type":"post","link":"https:\/\/www.caririemacao.com\/1\/2020\/01\/21\/tres-pessoas-sao-presas-transportando-drogas\/","title":{"rendered":"Tr\u00eas pessoas s\u00e3o presas transportando drogas"},"content":{"rendered":"\n<p>A Pol\u00edcia Rodovi\u00e1ria Federal com apoio da Pol\u00edcia Militar da Para\u00edba prendeu na tarde desta segunda-feira (20) no munic\u00edpio de Mamanguape\/PB dois homens e uma mulher transportando 3,5 kg de crack e 2 kg de coca\u00edna.<\/p>\n\n\n\n<p>A abordagem ocorreu na BR 101, km 37, em Mamanguape. O ve\u00edculo, um Fiat Argo, realizou uma manobra arriscada ao visualizar as viaturas da PRF e PM. Foi iniciado um acompanhamento t\u00e1tico quando foi poss\u00edvel abordar o ve\u00edculo. Ap\u00f3s fiscaliza\u00e7\u00e3o minuciosa ao interior do ve\u00edculo foi localizado os pacotes contendo coca\u00edna e crack. Estavam no ve\u00edculo um casal. A mulher de 20 anos afirmou aos policiais que a droga pertencia a ela e que seria comercializada em Bayeux. O condutor do ve\u00edculo, um homem 19 de anos, possu\u00eda mandado de pris\u00e3o em aberto e \u00e9 acusado de participar de assalto ao F\u00f3rum do munic\u00edpio de Juazeirinho, interior da Para\u00edba, em dezembro de 2019.<\/p>\n\n\n\n<p>Um terceiro homem foi detido acusado de estar realizando um batedor do ve\u00edculo que estava com a droga. O homem \u00e9 acusado de monitorar a presen\u00e7a de policiais na via para alertar o ve\u00edculo que estava com a droga.<\/p>\n\n\n\n<p>Os acusados foram detidos e encaminhados \u00e0 Pol\u00edcia Civil de Mamanguape juntamente com a droga.<\/p>\n\n\n\n<p><strong>MaisPB<\/strong><\/p>\n","protected":false},"excerpt":{"rendered":"<p>A Pol\u00edcia Rodovi\u00e1ria Federal com apoio da Pol\u00edcia Militar da Para\u00edba prendeu na tarde desta segunda-feira (20) no munic\u00edpio de Mamanguape\/PB dois homens e uma&hellip; <\/p>\n","protected":false},"author":2,"featured_media":147893,"comment_status":"closed","ping_status":"closed","sticky":false,"template":"","format":"standard","meta":{"sfsi_plus_gutenberg_text_before_share":"","sfsi_plus_gutenberg_show_text_before_share":"","sfsi_plus_gutenberg_icon_type":"","sfsi_plus_gutenberg_icon_alignemt":"","sfsi_plus_gutenburg_max_per_row":"","footnotes":""},"categories":[12],"tags":[],"class_list":["post-147892","post","type-post","status-publish","format-standard","has-post-thumbnail","hentry","category-policia"],"_links":{"self":[{"href":"https:\/\/www.caririemacao.com\/1\/wp-json\/wp\/v2\/posts\/147892","targetHints":{"allow":["GET"]}}],"collection":[{"href":"https:\/\/www.caririemacao.com\/1\/wp-json\/wp\/v2\/posts"}],"about":[{"href":"https:\/\/www.caririemacao.com\/1\/wp-json\/wp\/v2\/types\/post"}],"author":[{"embeddable":true,"href":"https:\/\/www.caririemacao.com\/1\/wp-json\/wp\/v2\/users\/2"}],"replies":[{"embeddable":true,"href":"https:\/\/www.caririemacao.com\/1\/wp-json\/wp\/v2\/comments?post=147892"}],"version-history":[{"count":1,"href":"https:\/\/www.caririemacao.com\/1\/wp-json\/wp\/v2\/posts\/147892\/revisions"}],"predecessor-version":[{"id":147894,"href":"https:\/\/www.caririemacao.com\/1\/wp-json\/wp\/v2\/posts\/147892\/revisions\/147894"}],"wp:featuredmedia":[{"embeddable":true,"href":"https:\/\/www.caririemacao.com\/1\/wp-json\/wp\/v2\/media\/147893"}],"wp:attachment":[{"href":"https:\/\/www.caririemacao.com\/1\/wp-json\/wp\/v2\/media?parent=147892"}],"wp:term":[{"taxonomy":"category","embeddable":true,"href":"https:\/\/www.caririemacao.com\/1\/wp-json\/wp\/v2\/categories?post=147892"},{"taxonomy":"post_tag","embeddable":true,"href":"https:\/\/www.caririemacao.com\/1\/wp-json\/wp\/v2\/tags?post=147892"}],"curies":[{"name":"wp","href":"https:\/\/api.w.org\/{rel}","templated":true}]}}