{"id":147895,"date":"2020-01-21T08:44:14","date_gmt":"2020-01-21T11:44:14","guid":{"rendered":"http:\/\/www.caririemacao.com\/1\/?p=147895"},"modified":"2020-01-21T08:44:14","modified_gmt":"2020-01-21T11:44:14","slug":"inscricoes-para-o-sisu-comecam-hoje-ufpb-oferta-7-872-vagas-para-cursos-de-graduacao","status":"publish","type":"post","link":"https:\/\/www.caririemacao.com\/1\/2020\/01\/21\/inscricoes-para-o-sisu-comecam-hoje-ufpb-oferta-7-872-vagas-para-cursos-de-graduacao\/","title":{"rendered":"Inscri\u00e7\u00f5es para o Sisu come\u00e7am hoje; UFPB oferta 7.872 vagas para cursos de gradua\u00e7\u00e3o"},"content":{"rendered":"\n<p>As inscri\u00e7\u00f5es para o&nbsp;Sistema de Sele\u00e7\u00e3o Unificada (Sisu) 2020 come\u00e7a nesta ter\u00e7a-feira (21). Os candidatos que&nbsp; fizeram o Enem 2019 e&nbsp;obtiveram nota acima de zero na reda\u00e7\u00e3o poder\u00e3o se inscrever at\u00e9 o domingo&nbsp;(26).<\/p>\n\n\n\n<p>Na Universidade Federal da Para\u00edba (UFPB) est\u00e3o sendo ofertadas 7.872 vagas para cursos de gradua\u00e7\u00e3o nesta primeira edi\u00e7\u00e3o das inscri\u00e7\u00f5es.&nbsp;<\/p>\n\n\n\n<p>As vagas s\u00e3o destinadas aos 124 cursos da UFPB, distribu\u00eddos nos quatro campi da institui\u00e7\u00e3o. Do total de vagas ofertadas pela UFPB, 3.930 ser\u00e3o oferecidas para ampla concorr\u00eancia e 3.942 para estudantes que tenham cursado integralmente o Ensino M\u00e9dio em escolas p\u00fablicas, de acordo com a Lei n\u00ba 12.711\/2012.<\/p>\n\n\n\n<p>Os resultados do Sisu ser\u00e3o divulgados no dia 28 de janeiro.&nbsp;<\/p>\n\n\n\n<p>As matr\u00edculas da primeira chamada come\u00e7am a partir de 29 de janeiro e v\u00e3o at\u00e9 04 de fevereiro.<\/p>\n\n\n\n<p>Mais informa\u00e7\u00f5es no site do&nbsp;<a href=\"https:\/\/sisu.mec.gov.br\/#\/\">Sisu<\/a>.<\/p>\n","protected":false},"excerpt":{"rendered":"<p>As inscri\u00e7\u00f5es para o&nbsp;Sistema de Sele\u00e7\u00e3o Unificada (Sisu) 2020 come\u00e7a nesta ter\u00e7a-feira (21). Os candidatos que&nbsp; fizeram o Enem 2019 e&nbsp;obtiveram nota acima de zero&hellip; <\/p>\n","protected":false},"author":2,"featured_media":147896,"comment_status":"closed","ping_status":"closed","sticky":false,"template":"","format":"standard","meta":{"sfsi_plus_gutenberg_text_before_share":"","sfsi_plus_gutenberg_show_text_before_share":"","sfsi_plus_gutenberg_icon_type":"","sfsi_plus_gutenberg_icon_alignemt":"","sfsi_plus_gutenburg_max_per_row":"","footnotes":""},"categories":[14],"tags":[],"class_list":["post-147895","post","type-post","status-publish","format-standard","has-post-thumbnail","hentry","category-educacao"],"_links":{"self":[{"href":"https:\/\/www.caririemacao.com\/1\/wp-json\/wp\/v2\/posts\/147895","targetHints":{"allow":["GET"]}}],"collection":[{"href":"https:\/\/www.caririemacao.com\/1\/wp-json\/wp\/v2\/posts"}],"about":[{"href":"https:\/\/www.caririemacao.com\/1\/wp-json\/wp\/v2\/types\/post"}],"author":[{"embeddable":true,"href":"https:\/\/www.caririemacao.com\/1\/wp-json\/wp\/v2\/users\/2"}],"replies":[{"embeddable":true,"href":"https:\/\/www.caririemacao.com\/1\/wp-json\/wp\/v2\/comments?post=147895"}],"version-history":[{"count":1,"href":"https:\/\/www.caririemacao.com\/1\/wp-json\/wp\/v2\/posts\/147895\/revisions"}],"predecessor-version":[{"id":147897,"href":"https:\/\/www.caririemacao.com\/1\/wp-json\/wp\/v2\/posts\/147895\/revisions\/147897"}],"wp:featuredmedia":[{"embeddable":true,"href":"https:\/\/www.caririemacao.com\/1\/wp-json\/wp\/v2\/media\/147896"}],"wp:attachment":[{"href":"https:\/\/www.caririemacao.com\/1\/wp-json\/wp\/v2\/media?parent=147895"}],"wp:term":[{"taxonomy":"category","embeddable":true,"href":"https:\/\/www.caririemacao.com\/1\/wp-json\/wp\/v2\/categories?post=147895"},{"taxonomy":"post_tag","embeddable":true,"href":"https:\/\/www.caririemacao.com\/1\/wp-json\/wp\/v2\/tags?post=147895"}],"curies":[{"name":"wp","href":"https:\/\/api.w.org\/{rel}","templated":true}]}}