{"id":147907,"date":"2020-01-21T08:46:46","date_gmt":"2020-01-21T11:46:46","guid":{"rendered":"http:\/\/www.caririemacao.com\/1\/?p=147907"},"modified":"2020-01-21T08:46:46","modified_gmt":"2020-01-21T11:46:46","slug":"mais-de-100-suspeitos-de-crimes-sao-detidos-no-fim-de-semana","status":"publish","type":"post","link":"https:\/\/www.caririemacao.com\/1\/2020\/01\/21\/mais-de-100-suspeitos-de-crimes-sao-detidos-no-fim-de-semana\/","title":{"rendered":"Mais de 100 suspeitos de crimes s\u00e3o detidos no fim de semana"},"content":{"rendered":"\n<p>A Pol\u00edcia Militar conduziu 123 suspeitos de homic\u00eddios, roubos, furtos e outros tipos de crimes at\u00e9 as delegacias, neste terceiro fim de semana do ano, em v\u00e1rias cidades da Para\u00edba. O balan\u00e7o foi divulgado na manh\u00e3 desta segunda-feira (20) pela Coordenadoria de Estat\u00edstica e Avalia\u00e7\u00e3o (EM\/7) da PM.<\/p>\n\n\n\n<p>A corpora\u00e7\u00e3o realizou 1.260 atendimentos \u00e0 popula\u00e7\u00e3o, em v\u00e1rios tipos de chamados. Nas a\u00e7\u00f5es, foram apreendidas 19 armas de fogo, mais de 3 kg de drogas, presos 103 adultos, apreendidos 10 adolescentes e cumpridos 10 mandados de pris\u00e3o. No fim de semana, foram recuperados ainda 27 ve\u00edculos com queixas de roubos ou furtos na Para\u00edba e em outros estados.<\/p>\n\n\n\n<p>O trabalho de refor\u00e7o em pontos estrat\u00e9gicos come\u00e7ou com a Opera\u00e7\u00e3o P\u00f4r-do-Sol, na sexta-feira (17), com abordagens a \u00f4nibus, carros, motos e incurs\u00f5es em busca de suspeitos de crimes. No s\u00e1bado (18) e domingo (19), as a\u00e7\u00f5es continuaram com a Opera\u00e7\u00e3o Ver\u00e3o, que, al\u00e9m do policiamento de rotina, foi respons\u00e1vel por garantir a seguran\u00e7a nas cidades que realizaram eventos no fim de semana.<\/p>\n\n\n\n<p><strong>Opera\u00e7\u00e3o Ver\u00e3o \u2013<\/strong>&nbsp;A PM deve continuar com as blitzen, abordagens e ocupa\u00e7\u00f5es de locais estrat\u00e9gicos, dentro do plano da Opera\u00e7\u00e3o Ver\u00e3o, que prev\u00ea um refor\u00e7o tamb\u00e9m nas \u00e1reas de interesse tur\u00edstico, por causa do aumento do fluxo de pessoas que vem sendo registrado neste m\u00eas de janeiro.&nbsp;&nbsp;<\/p>\n","protected":false},"excerpt":{"rendered":"<p>A Pol\u00edcia Militar conduziu 123 suspeitos de homic\u00eddios, roubos, furtos e outros tipos de crimes at\u00e9 as delegacias, neste terceiro fim de semana do ano,&hellip; <\/p>\n","protected":false},"author":2,"featured_media":105260,"comment_status":"closed","ping_status":"closed","sticky":false,"template":"","format":"standard","meta":{"sfsi_plus_gutenberg_text_before_share":"","sfsi_plus_gutenberg_show_text_before_share":"","sfsi_plus_gutenberg_icon_type":"","sfsi_plus_gutenberg_icon_alignemt":"","sfsi_plus_gutenburg_max_per_row":"","footnotes":""},"categories":[12],"tags":[],"class_list":["post-147907","post","type-post","status-publish","format-standard","has-post-thumbnail","hentry","category-policia"],"_links":{"self":[{"href":"https:\/\/www.caririemacao.com\/1\/wp-json\/wp\/v2\/posts\/147907","targetHints":{"allow":["GET"]}}],"collection":[{"href":"https:\/\/www.caririemacao.com\/1\/wp-json\/wp\/v2\/posts"}],"about":[{"href":"https:\/\/www.caririemacao.com\/1\/wp-json\/wp\/v2\/types\/post"}],"author":[{"embeddable":true,"href":"https:\/\/www.caririemacao.com\/1\/wp-json\/wp\/v2\/users\/2"}],"replies":[{"embeddable":true,"href":"https:\/\/www.caririemacao.com\/1\/wp-json\/wp\/v2\/comments?post=147907"}],"version-history":[{"count":1,"href":"https:\/\/www.caririemacao.com\/1\/wp-json\/wp\/v2\/posts\/147907\/revisions"}],"predecessor-version":[{"id":147911,"href":"https:\/\/www.caririemacao.com\/1\/wp-json\/wp\/v2\/posts\/147907\/revisions\/147911"}],"wp:featuredmedia":[{"embeddable":true,"href":"https:\/\/www.caririemacao.com\/1\/wp-json\/wp\/v2\/media\/105260"}],"wp:attachment":[{"href":"https:\/\/www.caririemacao.com\/1\/wp-json\/wp\/v2\/media?parent=147907"}],"wp:term":[{"taxonomy":"category","embeddable":true,"href":"https:\/\/www.caririemacao.com\/1\/wp-json\/wp\/v2\/categories?post=147907"},{"taxonomy":"post_tag","embeddable":true,"href":"https:\/\/www.caririemacao.com\/1\/wp-json\/wp\/v2\/tags?post=147907"}],"curies":[{"name":"wp","href":"https:\/\/api.w.org\/{rel}","templated":true}]}}