{"id":147915,"date":"2020-01-21T08:48:09","date_gmt":"2020-01-21T11:48:09","guid":{"rendered":"http:\/\/www.caririemacao.com\/1\/?p=147915"},"modified":"2020-01-21T08:48:09","modified_gmt":"2020-01-21T11:48:09","slug":"apos-inscricoes-do-sisu-serem-liberadas-estudantes-relatam-lentidao-e-dificuldades-no-site","status":"publish","type":"post","link":"https:\/\/www.caririemacao.com\/1\/2020\/01\/21\/apos-inscricoes-do-sisu-serem-liberadas-estudantes-relatam-lentidao-e-dificuldades-no-site\/","title":{"rendered":"Ap\u00f3s inscri\u00e7\u00f5es do Sisu serem liberadas, estudantes relatam lentid\u00e3o e dificuldades no site"},"content":{"rendered":"\n<p>As inscri\u00e7\u00f5es do 1\u00ba semestre de 2020 do Sistema de Sele\u00e7\u00e3o Unificada (Sisu) foram abertas na madrugada desta ter\u00e7a-feira (21). Os estudantes podem se inscrever at\u00e9 as 23:59 do pr\u00f3ximo domingo (26), j\u00e1 que o prazo foi prorrogado ap\u00f3s erros nas corre\u00e7\u00f5es de provas do Exame Nacional do Ensino M\u00e9dio (Enem).<\/p>\n\n\n\n<p>Logo ap\u00f3s o Instituto Nacional de Estudos e Pesquisas An\u00edsio Teixeira (Inep) liberar as inscri\u00e7\u00f5es no site do Sisu, estudantes relataram lentid\u00e3o e dificuldades para se candidatar \u00e0s vagas das universidades federais. A situa\u00e7\u00e3o come\u00e7ou a ser normalizada no fim da madrugada.<\/p>\n\n\n\n<p>Nas redes sociais, usu\u00e1rios reclamaram da mensagem que surgia logo depois de clicarem no bot\u00e3o &#8216;Fazer inscri\u00e7\u00e3o&#8217;. Os estudantes eram redirecionados para uma p\u00e1gina com o aviso de que as &#8220;inscri\u00e7\u00f5es est\u00e3o encerradas&#8221;. Quem conseguia incluir os dados pessoais para prosseguir com a inscri\u00e7\u00e3o reclamou de falhas na autentica\u00e7\u00e3o.<\/p>\n\n\n\n<p>O G1 n\u00e3o obteve contato com o Minist\u00e9rio da Educa\u00e7\u00e3o (MEC) para esclarecer as falhas no site do Sisu.<\/p>\n\n\n\n<p>Nas redes sociais, o Sisu se tornou um dos assuntos mais comentados durante a madrugada, e as dificuldades geraram memes.<\/p>\n\n\n\n<p>As inscri\u00e7\u00f5es no Sisu foram abertas poucas horas ap\u00f3s o MEC e o Instituto Nacional de Estudos e Pesquisas An\u00edsio Teixeira (Inep) confirmarem que a data estava mantida, mesmo com os erros na corre\u00e7\u00e3o de provas do Enem. Segundo o Inep, o erro no Enem afetou 5.974 estudantes e as notas j\u00e1 foram corrigidas.<\/p>\n\n\n\n<p>Podem participar os candidatos que fizeram o Enem em 2019 e n\u00e3o tiraram nota zero na prova de reda\u00e7\u00e3o. Nesta edi\u00e7\u00e3o, s\u00e3o 237.128 vagas em 128 institui\u00e7\u00f5es de todo o pa\u00eds.<\/p>\n\n\n\n<p>Cada candidato poder\u00e1 se inscrever em at\u00e9 duas vagas, especificando a ordem de prefer\u00eancia e o turno no qual pretende estudar.<\/p>\n\n\n\n<p>Tamb\u00e9m \u00e9 necess\u00e1rio definir a modalidade na qual o aluno se encaixa \u2013 ampla concorr\u00eancia ou alguma relativa \u00e0s a\u00e7\u00f5es afirmativas (com crit\u00e9rios raciais ou sociais).<\/p>\n\n\n\n<p>O que o candidato deve saber sobre a inscri\u00e7\u00e3o do Sisu:<br>As inscri\u00e7\u00f5es v\u00e3o de 21\/1 a 26\/1;<\/p>\n\n\n\n<p>\u00c9 poss\u00edvel escolher dois cursos (primeira e segunda op\u00e7\u00e3o);<br>O sistema atualiza uma vez ao dia e muda a ordem dos inscritos conforme a nota do Enem;<br>A primeira atualiza\u00e7\u00e3o ser\u00e1 divulgada a partir da 0h de 23\/1;<br>Recomenda-se que o estudante entre no sistema uma vez ao dia para saber se a disputa pela vaga ainda \u00e9 vi\u00e1vel ou se prefere mudar de curso;<br>O resultado da chamada regular sai no dia 28\/1;<br>Se for aprovado na segunda op\u00e7\u00e3o de curso, o candidato n\u00e3o ser\u00e1 inclu\u00eddo na lista de espera da primeira op\u00e7\u00e3o (leia mais abaixo);<br>O prazo para escolher participar da lista de espera \u00e9 de 29\/1 a 04\/2;<br>A convoca\u00e7\u00e3o da lista de espera ser\u00e1 no dia 7\/2 a 30\/4;<\/p>\n\n\n\n<p>Cronograma do Sisu 2020<\/p>\n\n\n\n<p>Abertura das inscri\u00e7\u00f5es: 21 de janeiro (ter\u00e7a-feira)<br>Fim das inscri\u00e7\u00f5es: 23h59 de 26 de janeiro (domingo)<br>Resultado: 28 de janeiro<br>Prazo para participar da lista de espera: 29\/1 a 04\/2<br>Convoca\u00e7\u00e3o dos candidatos em lista de espera: 07\/2 a 30\/4<\/p>\n","protected":false},"excerpt":{"rendered":"<p>As inscri\u00e7\u00f5es do 1\u00ba semestre de 2020 do Sistema de Sele\u00e7\u00e3o Unificada (Sisu) foram abertas na madrugada desta ter\u00e7a-feira (21). Os estudantes podem se inscrever&hellip; <\/p>\n","protected":false},"author":2,"featured_media":147920,"comment_status":"closed","ping_status":"closed","sticky":false,"template":"","format":"standard","meta":{"sfsi_plus_gutenberg_text_before_share":"","sfsi_plus_gutenberg_show_text_before_share":"","sfsi_plus_gutenberg_icon_type":"","sfsi_plus_gutenberg_icon_alignemt":"","sfsi_plus_gutenburg_max_per_row":"","footnotes":""},"categories":[14],"tags":[],"class_list":["post-147915","post","type-post","status-publish","format-standard","has-post-thumbnail","hentry","category-educacao"],"_links":{"self":[{"href":"https:\/\/www.caririemacao.com\/1\/wp-json\/wp\/v2\/posts\/147915","targetHints":{"allow":["GET"]}}],"collection":[{"href":"https:\/\/www.caririemacao.com\/1\/wp-json\/wp\/v2\/posts"}],"about":[{"href":"https:\/\/www.caririemacao.com\/1\/wp-json\/wp\/v2\/types\/post"}],"author":[{"embeddable":true,"href":"https:\/\/www.caririemacao.com\/1\/wp-json\/wp\/v2\/users\/2"}],"replies":[{"embeddable":true,"href":"https:\/\/www.caririemacao.com\/1\/wp-json\/wp\/v2\/comments?post=147915"}],"version-history":[{"count":1,"href":"https:\/\/www.caririemacao.com\/1\/wp-json\/wp\/v2\/posts\/147915\/revisions"}],"predecessor-version":[{"id":147921,"href":"https:\/\/www.caririemacao.com\/1\/wp-json\/wp\/v2\/posts\/147915\/revisions\/147921"}],"wp:featuredmedia":[{"embeddable":true,"href":"https:\/\/www.caririemacao.com\/1\/wp-json\/wp\/v2\/media\/147920"}],"wp:attachment":[{"href":"https:\/\/www.caririemacao.com\/1\/wp-json\/wp\/v2\/media?parent=147915"}],"wp:term":[{"taxonomy":"category","embeddable":true,"href":"https:\/\/www.caririemacao.com\/1\/wp-json\/wp\/v2\/categories?post=147915"},{"taxonomy":"post_tag","embeddable":true,"href":"https:\/\/www.caririemacao.com\/1\/wp-json\/wp\/v2\/tags?post=147915"}],"curies":[{"name":"wp","href":"https:\/\/api.w.org\/{rel}","templated":true}]}}