{"id":147925,"date":"2020-01-21T09:00:21","date_gmt":"2020-01-21T12:00:21","guid":{"rendered":"http:\/\/www.caririemacao.com\/1\/?p=147925"},"modified":"2020-01-21T09:00:21","modified_gmt":"2020-01-21T12:00:21","slug":"comissao-do-mppb-libera-estadios-e-campeonato-paraibano-tem-inicio-nesta-terca-com-botafogo-pb-e-sp-crystal","status":"publish","type":"post","link":"https:\/\/www.caririemacao.com\/1\/2020\/01\/21\/comissao-do-mppb-libera-estadios-e-campeonato-paraibano-tem-inicio-nesta-terca-com-botafogo-pb-e-sp-crystal\/","title":{"rendered":"Comiss\u00e3o do MPPB libera est\u00e1dios e Campeonato Paraibano tem in\u00edcio nesta ter\u00e7a com Botafogo-PB e SP Crystal"},"content":{"rendered":"\n<p>Ap\u00f3s adiamento da abertura do Campeonato Paraibano 2020 por causa das condi\u00e7\u00f5es dos est\u00e1dios, a Comiss\u00e3o Permanente de Preven\u00e7\u00e3o e Combate \u00e0 Viol\u00eancia nos Est\u00e1dios da Para\u00edba liberou o in\u00edcio da competi\u00e7\u00e3o, para esta ter\u00e7a-feira (21). Essa abertura deve acontecer sob a condi\u00e7\u00e3o de que a Federa\u00e7\u00e3o Paraibana de Futebol (FPF) e o Governo do Estado cumpram&nbsp; o que ficou acordado entre as institui\u00e7\u00f5es na reuni\u00e3o desta segunda-feira (20).<\/p>\n\n\n\n<p>O promotor Valberto Lira explicou ao ClickPB que ficou condicionado, para que houvesse a abertura do Campeonato Paraibano, que a &#8220;FPF vai antecipar os valores referentes ao item mais urgente que s\u00e3o os extintores e as placas de emerg\u00eancia, em at\u00e9 30 dias, conforme relat\u00f3rio do Corpo de Bombeiros. Os demais itens dependem da elabora\u00e7\u00e3o de um projeto. Foi apresentado esse projeto e a Suplan deve apresentar um programa de execu\u00e7\u00e3o, de acordo com o laudo de seguran\u00e7a da Pol\u00edcia Militar para os est\u00e1dios.&#8221;<\/p>\n\n\n\n<p>Caso as institui\u00e7\u00f5es n\u00e3o cumpram at\u00e9 o dia 8 de fevereiro com o que ficou definido pela Comiss\u00e3o Permanente de Preven\u00e7\u00e3o e Combate \u00e0 Viol\u00eancia nos Est\u00e1dios da Para\u00edba, que est\u00e1 associada ao MPPB, o Campeonato Paraibano pode ser suspenso.<\/p>\n\n\n\n<p>Foram liberados o Est\u00e1dio Almeid\u00e3o, na Capital; o Amig\u00e3o e o Presidente Vargas, em Campina Grande; e o Perpet\u00e3o, em Cajazeiras.<\/p>\n\n\n\n<p>A competi\u00e7\u00e3o seria aberta com jogo&nbsp;nesse domingo (19), com Botafogo-PB e S\u00e3o Paulo Crystal, o qual foi adiado para as 20h15 desta ter\u00e7a-feira (21), no Almeid\u00e3o.<\/p>\n\n\n\n<figure class=\"wp-block-image\"><img decoding=\"async\" data-src=\"https:\/\/www.clickpb.com.br\/media\/filer_public\/5a\/df\/5adf332b-c709-4c24-a827-1f35dafa50e1\/nota_fpf_adiamento_campeonato_paraibano_2020.jpg\" alt=\"\" src=\"data:image\/svg+xml;base64,PHN2ZyB3aWR0aD0iMSIgaGVpZ2h0PSIxIiB4bWxucz0iaHR0cDovL3d3dy53My5vcmcvMjAwMC9zdmciPjwvc3ZnPg==\" class=\"lazyload\" \/><\/figure>\n\n\n\n<figure class=\"wp-block-image\"><img decoding=\"async\" data-src=\"https:\/\/www.clickpb.com.br\/media\/filer_public\/5d\/0f\/5d0f911b-4586-4af5-9238-70b043498b0d\/nota_fpf_adiamento_campeonato_paraibano_2020-2.jpg\" alt=\"\" src=\"data:image\/svg+xml;base64,PHN2ZyB3aWR0aD0iMSIgaGVpZ2h0PSIxIiB4bWxucz0iaHR0cDovL3d3dy53My5vcmcvMjAwMC9zdmciPjwvc3ZnPg==\" class=\"lazyload\" \/><\/figure>\n\n\n\n<figure class=\"wp-block-image\"><img decoding=\"async\" data-src=\"https:\/\/www.clickpb.com.br\/media\/filer_public\/7d\/3c\/7d3cacd9-3618-4b2a-96dd-716d82bf6f50\/nota_fpf_adiamento_campeonato_paraibano_2020-3.jpg\" alt=\"\" src=\"data:image\/svg+xml;base64,PHN2ZyB3aWR0aD0iMSIgaGVpZ2h0PSIxIiB4bWxucz0iaHR0cDovL3d3dy53My5vcmcvMjAwMC9zdmciPjwvc3ZnPg==\" class=\"lazyload\" \/><\/figure>\n","protected":false},"excerpt":{"rendered":"<p>Ap\u00f3s adiamento da abertura do Campeonato Paraibano 2020 por causa das condi\u00e7\u00f5es dos est\u00e1dios, a Comiss\u00e3o Permanente de Preven\u00e7\u00e3o e Combate \u00e0 Viol\u00eancia nos Est\u00e1dios&hellip; <\/p>\n","protected":false},"author":1,"featured_media":147926,"comment_status":"closed","ping_status":"closed","sticky":false,"template":"","format":"standard","meta":{"sfsi_plus_gutenberg_text_before_share":"","sfsi_plus_gutenberg_show_text_before_share":"","sfsi_plus_gutenberg_icon_type":"","sfsi_plus_gutenberg_icon_alignemt":"","sfsi_plus_gutenburg_max_per_row":"","footnotes":""},"categories":[13],"tags":[],"class_list":["post-147925","post","type-post","status-publish","format-standard","has-post-thumbnail","hentry","category-esportes"],"_links":{"self":[{"href":"https:\/\/www.caririemacao.com\/1\/wp-json\/wp\/v2\/posts\/147925","targetHints":{"allow":["GET"]}}],"collection":[{"href":"https:\/\/www.caririemacao.com\/1\/wp-json\/wp\/v2\/posts"}],"about":[{"href":"https:\/\/www.caririemacao.com\/1\/wp-json\/wp\/v2\/types\/post"}],"author":[{"embeddable":true,"href":"https:\/\/www.caririemacao.com\/1\/wp-json\/wp\/v2\/users\/1"}],"replies":[{"embeddable":true,"href":"https:\/\/www.caririemacao.com\/1\/wp-json\/wp\/v2\/comments?post=147925"}],"version-history":[{"count":1,"href":"https:\/\/www.caririemacao.com\/1\/wp-json\/wp\/v2\/posts\/147925\/revisions"}],"predecessor-version":[{"id":147927,"href":"https:\/\/www.caririemacao.com\/1\/wp-json\/wp\/v2\/posts\/147925\/revisions\/147927"}],"wp:featuredmedia":[{"embeddable":true,"href":"https:\/\/www.caririemacao.com\/1\/wp-json\/wp\/v2\/media\/147926"}],"wp:attachment":[{"href":"https:\/\/www.caririemacao.com\/1\/wp-json\/wp\/v2\/media?parent=147925"}],"wp:term":[{"taxonomy":"category","embeddable":true,"href":"https:\/\/www.caririemacao.com\/1\/wp-json\/wp\/v2\/categories?post=147925"},{"taxonomy":"post_tag","embeddable":true,"href":"https:\/\/www.caririemacao.com\/1\/wp-json\/wp\/v2\/tags?post=147925"}],"curies":[{"name":"wp","href":"https:\/\/api.w.org\/{rel}","templated":true}]}}