{"id":147942,"date":"2020-01-21T10:14:19","date_gmt":"2020-01-21T13:14:19","guid":{"rendered":"http:\/\/www.caririemacao.com\/1\/?p=147942"},"modified":"2020-01-21T10:14:19","modified_gmt":"2020-01-21T13:14:19","slug":"placa-no-modelo-mercosul-passa-a-ser-obrigatoria-a-partir-de-31-de-janeiro","status":"publish","type":"post","link":"https:\/\/www.caririemacao.com\/1\/2020\/01\/21\/placa-no-modelo-mercosul-passa-a-ser-obrigatoria-a-partir-de-31-de-janeiro\/","title":{"rendered":"Placa no modelo Mercosul passa a ser obrigat\u00f3ria a partir de 31 de janeiro"},"content":{"rendered":"\n<p>Ap\u00f3s seis adiamentos, parece que, finalmente, as placas padr\u00e3o Mercosul ser\u00e3o obrigat\u00f3rias em todo o Pa\u00eds. A data para isso ocorrer j\u00e1 est\u00e1 definida: 31 de janeiro de 2020. O prazo foi estabelecido no dia 28 de junho do ano passado pelo Conselho Nacional de Tr\u00e2nsito, o Contran.<\/p>\n\n\n\n<p>A altera\u00e7\u00e3o no prazo foi necess\u00e1ria para que os \u00f3rg\u00e3os estaduais de tr\u00e2nsito pudessem se adequar \u00e0s novas regras, bem como credenciar as fabricantes das pe\u00e7as. Al\u00e9m disso, novas regras para a coloca\u00e7\u00e3o das placas Mercosul foram estabelecidas.<\/p>\n\n\n\n<p>Atualmente, dez Estados brasileiros j\u00e1 aderiram a nova identifica\u00e7\u00e3o, tamb\u00e9m chamada de Placa de Identifica\u00e7\u00e3o Veicular (PIV): Amazonas, Bahia, Esp\u00edrito Santo, Para\u00edba, Piau\u00ed, Paran\u00e1, Rio de Janeiro, Rio Grande do Norte, Rio Grande do Sul e Rond\u00f4nia.<\/p>\n\n\n\n<p>S\u00e3o Paulo, estado onde est\u00e1 a maior frota de ve\u00edculos do pa\u00eds, ainda n\u00e3o passou a trabalhar com o novo emplacamento. Questionado pelo jornal O Estado de S.Paulo, o Detran-SP informou que passar\u00e1 a aderir \u00e0s placas Mercosul a partir do dia 1\u00ba de fevereiro de 2020.<\/p>\n\n\n\n<p>As novas pe\u00e7as ser\u00e3o obrigat\u00f3rias em novos ve\u00edculos (zero quil\u00f4metro), assim como para quem mudar de Estado ou munic\u00edpio. Tamb\u00e9m muda para quem sofrer furto ou dano que atrapalhe a leitura.<\/p>\n\n\n\n<p>Caso queiram, os motoristas tamb\u00e9m podem trocar de forma volunt\u00e1rio.<\/p>\n\n\n\n<p>A placa Mercosul j\u00e1 est\u00e1 em vigor na Argentina e no Uruguai. Ela possui fundo branco, quatro letras e tr\u00eas n\u00fameros. A letra\/n\u00famero em cor preta indica carro particular, a cor vermelha \u00e9 para autom\u00f3veis comerciais, t\u00e1xis e de autoescola. A azul, por sua vez, \u00e9 usada para carro oficial, enquanto a verde serve para teste. A letra dourada identifica carros diplom\u00e1ticos e o prateado ser\u00e1 de ve\u00edculos de cole\u00e7\u00e3o.<\/p>\n\n\n\n<p>A tarja azul no topo est\u00e1 o nome do pa\u00eds, bem como sua bandeira. Tamb\u00e9m h\u00e1 a identifica\u00e7\u00e3o do Mercosul. Com rela\u00e7\u00e3o ao tamanho, n\u00e3o h\u00e1 mudan\u00e7as. Ela continua nas mesmas dimens\u00f5es da cinza.<\/p>\n","protected":false},"excerpt":{"rendered":"<p>Ap\u00f3s seis adiamentos, parece que, finalmente, as placas padr\u00e3o Mercosul ser\u00e3o obrigat\u00f3rias em todo o Pa\u00eds. A data para isso ocorrer j\u00e1 est\u00e1 definida: 31&hellip; <\/p>\n","protected":false},"author":1,"featured_media":147944,"comment_status":"closed","ping_status":"closed","sticky":false,"template":"","format":"standard","meta":{"sfsi_plus_gutenberg_text_before_share":"","sfsi_plus_gutenberg_show_text_before_share":"","sfsi_plus_gutenberg_icon_type":"","sfsi_plus_gutenberg_icon_alignemt":"","sfsi_plus_gutenburg_max_per_row":"","footnotes":""},"categories":[50,2],"tags":[],"class_list":["post-147942","post","type-post","status-publish","format-standard","has-post-thumbnail","hentry","category-destaque","category-geral"],"_links":{"self":[{"href":"https:\/\/www.caririemacao.com\/1\/wp-json\/wp\/v2\/posts\/147942","targetHints":{"allow":["GET"]}}],"collection":[{"href":"https:\/\/www.caririemacao.com\/1\/wp-json\/wp\/v2\/posts"}],"about":[{"href":"https:\/\/www.caririemacao.com\/1\/wp-json\/wp\/v2\/types\/post"}],"author":[{"embeddable":true,"href":"https:\/\/www.caririemacao.com\/1\/wp-json\/wp\/v2\/users\/1"}],"replies":[{"embeddable":true,"href":"https:\/\/www.caririemacao.com\/1\/wp-json\/wp\/v2\/comments?post=147942"}],"version-history":[{"count":1,"href":"https:\/\/www.caririemacao.com\/1\/wp-json\/wp\/v2\/posts\/147942\/revisions"}],"predecessor-version":[{"id":147945,"href":"https:\/\/www.caririemacao.com\/1\/wp-json\/wp\/v2\/posts\/147942\/revisions\/147945"}],"wp:featuredmedia":[{"embeddable":true,"href":"https:\/\/www.caririemacao.com\/1\/wp-json\/wp\/v2\/media\/147944"}],"wp:attachment":[{"href":"https:\/\/www.caririemacao.com\/1\/wp-json\/wp\/v2\/media?parent=147942"}],"wp:term":[{"taxonomy":"category","embeddable":true,"href":"https:\/\/www.caririemacao.com\/1\/wp-json\/wp\/v2\/categories?post=147942"},{"taxonomy":"post_tag","embeddable":true,"href":"https:\/\/www.caririemacao.com\/1\/wp-json\/wp\/v2\/tags?post=147942"}],"curies":[{"name":"wp","href":"https:\/\/api.w.org\/{rel}","templated":true}]}}