{"id":147952,"date":"2020-01-21T12:27:17","date_gmt":"2020-01-21T15:27:17","guid":{"rendered":"http:\/\/www.caririemacao.com\/1\/?p=147952"},"modified":"2020-01-21T13:44:38","modified_gmt":"2020-01-21T16:44:38","slug":"missa-procissao-e-show-catolico-encerram-a-108a-festa-do-padroeiro-de-sao-sebastiao-do-umbuzeiro","status":"publish","type":"post","link":"https:\/\/www.caririemacao.com\/1\/2020\/01\/21\/missa-procissao-e-show-catolico-encerram-a-108a-festa-do-padroeiro-de-sao-sebastiao-do-umbuzeiro\/","title":{"rendered":"Missa, prociss\u00e3o e show cat\u00f3lico encerram a 108\u00aa Festa do padroeiro de S\u00e3o Sebasti\u00e3o do Umbuzeiro"},"content":{"rendered":"\n<p>Na noite desta segunda-feira (20), a popula\u00e7\u00e3o de S\u00e3o Sebasti\u00e3o do Umbuzeiro, no Cariri Paraibano prestigiou o encerramento da 108\u00aa edi\u00e7\u00e3o das festividades alusivas a S\u00e3o Sebasti\u00e3o, padroeiro do munic\u00edpio, considerada a maior festa religiosa do Cariri Paraibano.<\/p>\n\n\n\n<figure class=\"wp-block-image size-large\"><img fetchpriority=\"high\" decoding=\"async\" width=\"1024\" height=\"683\" src=\"http:\/\/www.caririemacao.com\/1\/wp-content\/uploads\/2020\/01\/DSC_3494-1024x683.jpg\" alt=\"\" class=\"wp-image-147962\" srcset=\"https:\/\/www.caririemacao.com\/1\/wp-content\/uploads\/2020\/01\/DSC_3494-1024x683.jpg 1024w, https:\/\/www.caririemacao.com\/1\/wp-content\/uploads\/2020\/01\/DSC_3494-300x200.jpg 300w, https:\/\/www.caririemacao.com\/1\/wp-content\/uploads\/2020\/01\/DSC_3494-768x512.jpg 768w, https:\/\/www.caririemacao.com\/1\/wp-content\/uploads\/2020\/01\/DSC_3494-1536x1024.jpg 1536w, https:\/\/www.caririemacao.com\/1\/wp-content\/uploads\/2020\/01\/DSC_3494.jpg 1600w\" sizes=\"(max-width: 1024px) 100vw, 1024px\" \/><\/figure>\n\n\n\n<p>A culmin\u00e2ncia da programa\u00e7\u00e3o deu-se com a tradicional prociss\u00e3o, que reuniu centenas de pessoas que acompanharam a imagem nas principais ruas da cidade, num ato de f\u00e9 e devo\u00e7\u00e3o religiosa.<\/p>\n\n\n\n<figure class=\"wp-block-image size-large\"><img decoding=\"async\" width=\"1024\" height=\"683\" data-src=\"http:\/\/www.caririemacao.com\/1\/wp-content\/uploads\/2020\/01\/DSC_3407-1024x683.jpg\" alt=\"\" class=\"wp-image-147958 lazyload\" data-srcset=\"https:\/\/www.caririemacao.com\/1\/wp-content\/uploads\/2020\/01\/DSC_3407-1024x683.jpg 1024w, https:\/\/www.caririemacao.com\/1\/wp-content\/uploads\/2020\/01\/DSC_3407-300x200.jpg 300w, https:\/\/www.caririemacao.com\/1\/wp-content\/uploads\/2020\/01\/DSC_3407-768x512.jpg 768w, https:\/\/www.caririemacao.com\/1\/wp-content\/uploads\/2020\/01\/DSC_3407-1536x1024.jpg 1536w, https:\/\/www.caririemacao.com\/1\/wp-content\/uploads\/2020\/01\/DSC_3407.jpg 1600w\" data-sizes=\"(max-width: 1024px) 100vw, 1024px\" src=\"data:image\/svg+xml;base64,PHN2ZyB3aWR0aD0iMSIgaGVpZ2h0PSIxIiB4bWxucz0iaHR0cDovL3d3dy53My5vcmcvMjAwMC9zdmciPjwvc3ZnPg==\" style=\"--smush-placeholder-width: 1024px; --smush-placeholder-aspect-ratio: 1024\/683;\" \/><\/figure>\n\n\n\n<p>A prociss\u00e3o deste domingo ocorreu ap\u00f3s missa campal concelebrada pelo Padre Marcos Souza, Padre Cristino, Padre Naelson e Padre Jo\u00e3o Carlos.<\/p>\n\n\n\n<figure class=\"wp-block-image size-large\"><img decoding=\"async\" width=\"1024\" height=\"683\" data-src=\"http:\/\/www.caririemacao.com\/1\/wp-content\/uploads\/2020\/01\/DSC_3360-1024x683.jpg\" alt=\"\" class=\"wp-image-147954 lazyload\" data-srcset=\"https:\/\/www.caririemacao.com\/1\/wp-content\/uploads\/2020\/01\/DSC_3360-1024x683.jpg 1024w, https:\/\/www.caririemacao.com\/1\/wp-content\/uploads\/2020\/01\/DSC_3360-300x200.jpg 300w, https:\/\/www.caririemacao.com\/1\/wp-content\/uploads\/2020\/01\/DSC_3360-768x512.jpg 768w, https:\/\/www.caririemacao.com\/1\/wp-content\/uploads\/2020\/01\/DSC_3360-1536x1024.jpg 1536w, https:\/\/www.caririemacao.com\/1\/wp-content\/uploads\/2020\/01\/DSC_3360.jpg 1600w\" data-sizes=\"(max-width: 1024px) 100vw, 1024px\" src=\"data:image\/svg+xml;base64,PHN2ZyB3aWR0aD0iMSIgaGVpZ2h0PSIxIiB4bWxucz0iaHR0cDovL3d3dy53My5vcmcvMjAwMC9zdmciPjwvc3ZnPg==\" style=\"--smush-placeholder-width: 1024px; --smush-placeholder-aspect-ratio: 1024\/683;\" \/><\/figure>\n\n\n\n<p>A missa de encerramento contou com um grande n\u00famero de fi\u00e9is de toda a regi\u00e3o do Cariri Paraibano.  <\/p>\n\n\n\n<figure class=\"wp-block-image size-large\"><img decoding=\"async\" width=\"1024\" height=\"683\" data-src=\"http:\/\/www.caririemacao.com\/1\/wp-content\/uploads\/2020\/01\/DSC_3395-1024x683.jpg\" alt=\"\" class=\"wp-image-147957 lazyload\" data-srcset=\"https:\/\/www.caririemacao.com\/1\/wp-content\/uploads\/2020\/01\/DSC_3395-1024x683.jpg 1024w, https:\/\/www.caririemacao.com\/1\/wp-content\/uploads\/2020\/01\/DSC_3395-300x200.jpg 300w, https:\/\/www.caririemacao.com\/1\/wp-content\/uploads\/2020\/01\/DSC_3395-768x512.jpg 768w, https:\/\/www.caririemacao.com\/1\/wp-content\/uploads\/2020\/01\/DSC_3395-1536x1024.jpg 1536w, https:\/\/www.caririemacao.com\/1\/wp-content\/uploads\/2020\/01\/DSC_3395.jpg 1600w\" data-sizes=\"(max-width: 1024px) 100vw, 1024px\" src=\"data:image\/svg+xml;base64,PHN2ZyB3aWR0aD0iMSIgaGVpZ2h0PSIxIiB4bWxucz0iaHR0cDovL3d3dy53My5vcmcvMjAwMC9zdmciPjwvc3ZnPg==\" style=\"--smush-placeholder-width: 1024px; --smush-placeholder-aspect-ratio: 1024\/683;\" \/><\/figure>\n\n\n\n<p>Acompanhado de amigos o prefeito Adriano Wolff participou de toda a programa\u00e7\u00e3o, participando da missa, percorrendo as principais ruas da cidade e acompanhando o show religioso. <\/p>\n\n\n\n<figure class=\"wp-block-image size-large\"><img decoding=\"async\" width=\"1024\" height=\"683\" data-src=\"http:\/\/www.caririemacao.com\/1\/wp-content\/uploads\/2020\/01\/DSC_3604-1024x683.jpg\" alt=\"\" class=\"wp-image-147963 lazyload\" data-srcset=\"https:\/\/www.caririemacao.com\/1\/wp-content\/uploads\/2020\/01\/DSC_3604-1024x683.jpg 1024w, https:\/\/www.caririemacao.com\/1\/wp-content\/uploads\/2020\/01\/DSC_3604-300x200.jpg 300w, https:\/\/www.caririemacao.com\/1\/wp-content\/uploads\/2020\/01\/DSC_3604-768x512.jpg 768w, https:\/\/www.caririemacao.com\/1\/wp-content\/uploads\/2020\/01\/DSC_3604-1536x1024.jpg 1536w, https:\/\/www.caririemacao.com\/1\/wp-content\/uploads\/2020\/01\/DSC_3604.jpg 1600w\" data-sizes=\"(max-width: 1024px) 100vw, 1024px\" src=\"data:image\/svg+xml;base64,PHN2ZyB3aWR0aD0iMSIgaGVpZ2h0PSIxIiB4bWxucz0iaHR0cDovL3d3dy53My5vcmcvMjAwMC9zdmciPjwvc3ZnPg==\" style=\"--smush-placeholder-width: 1024px; --smush-placeholder-aspect-ratio: 1024\/683;\" \/><\/figure>\n\n\n\n<p>Ap\u00f3s a prociss\u00e3o, os fi\u00e9is se concentraram em frente ao palco, para o show religioso, realizado de forma in\u00e9dita, encerrando assim, a programa\u00e7\u00e3o. <\/p>\n\n\n\n<p>O Padre e cantor Jo\u00e3o Carlos, conhecido nacionalmente no meio religioso,  cantou seus maiores sucessos, a exemplo da m\u00fasica \u201cQuem me tocou?\u201d.  <\/p>\n\n\n\n<p>Durante o show religioso houve uma forte chuva, que de acordo com os fi\u00e9is veio pra aben\u00e7oar e fortalecer ainda mais sua f\u00e9 no santo padroeiro.  <\/p>\n\n\n\n<figure class=\"wp-block-image size-large\"><img decoding=\"async\" width=\"1024\" height=\"683\" data-src=\"http:\/\/www.caririemacao.com\/1\/wp-content\/uploads\/2020\/01\/DSC_3364-1024x683.jpg\" alt=\"\" class=\"wp-image-147955 lazyload\" data-srcset=\"https:\/\/www.caririemacao.com\/1\/wp-content\/uploads\/2020\/01\/DSC_3364-1024x683.jpg 1024w, https:\/\/www.caririemacao.com\/1\/wp-content\/uploads\/2020\/01\/DSC_3364-300x200.jpg 300w, https:\/\/www.caririemacao.com\/1\/wp-content\/uploads\/2020\/01\/DSC_3364-768x512.jpg 768w, https:\/\/www.caririemacao.com\/1\/wp-content\/uploads\/2020\/01\/DSC_3364-1536x1024.jpg 1536w, https:\/\/www.caririemacao.com\/1\/wp-content\/uploads\/2020\/01\/DSC_3364.jpg 1600w\" data-sizes=\"(max-width: 1024px) 100vw, 1024px\" src=\"data:image\/svg+xml;base64,PHN2ZyB3aWR0aD0iMSIgaGVpZ2h0PSIxIiB4bWxucz0iaHR0cDovL3d3dy53My5vcmcvMjAwMC9zdmciPjwvc3ZnPg==\" style=\"--smush-placeholder-width: 1024px; --smush-placeholder-aspect-ratio: 1024\/683;\" \/><\/figure>\n\n\n\n<p>Como de praxe, a Prefeitura deu total apoio&nbsp;\u00e0 Igreja Cat\u00f3lica para a realiza\u00e7\u00e3o da festa, que foi iniciada dia 10\/01 com o tradicional noven\u00e1rio. <\/p>\n\n\n\n<figure class=\"wp-block-image size-large\"><img decoding=\"async\" width=\"1024\" height=\"683\" data-src=\"http:\/\/www.caririemacao.com\/1\/wp-content\/uploads\/2020\/01\/DSC_3454-1024x683.jpg\" alt=\"\" class=\"wp-image-147960 lazyload\" data-srcset=\"https:\/\/www.caririemacao.com\/1\/wp-content\/uploads\/2020\/01\/DSC_3454-1024x683.jpg 1024w, https:\/\/www.caririemacao.com\/1\/wp-content\/uploads\/2020\/01\/DSC_3454-300x200.jpg 300w, https:\/\/www.caririemacao.com\/1\/wp-content\/uploads\/2020\/01\/DSC_3454-768x512.jpg 768w, https:\/\/www.caririemacao.com\/1\/wp-content\/uploads\/2020\/01\/DSC_3454-1536x1024.jpg 1536w, https:\/\/www.caririemacao.com\/1\/wp-content\/uploads\/2020\/01\/DSC_3454.jpg 1600w\" data-sizes=\"(max-width: 1024px) 100vw, 1024px\" src=\"data:image\/svg+xml;base64,PHN2ZyB3aWR0aD0iMSIgaGVpZ2h0PSIxIiB4bWxucz0iaHR0cDovL3d3dy53My5vcmcvMjAwMC9zdmciPjwvc3ZnPg==\" style=\"--smush-placeholder-width: 1024px; --smush-placeholder-aspect-ratio: 1024\/683;\" \/><\/figure>\n\n\n\n<p>O representante da presid\u00eancia da festa, Didi Milton, agradeceu a presen\u00e7a de todos, bem como, o empenho e dedica\u00e7\u00e3o de toda comiss\u00e3o, ao padre Marcos Souza pelo apoio, a prefeitura municipal pela parceria e as equipes de noven\u00e1rios, fazendo a festa de S\u00e3o Sebasti\u00e3o uma linda e emocionante festa religiosa na regi\u00e3o. <\/p>\n\n\n\n<figure class=\"wp-block-image size-large\"><img decoding=\"async\" width=\"1024\" height=\"683\" data-src=\"http:\/\/www.caririemacao.com\/1\/wp-content\/uploads\/2020\/01\/DSC_2819-2-1024x683.jpg\" alt=\"\" class=\"wp-image-147965 lazyload\" data-srcset=\"https:\/\/www.caririemacao.com\/1\/wp-content\/uploads\/2020\/01\/DSC_2819-2-1024x683.jpg 1024w, https:\/\/www.caririemacao.com\/1\/wp-content\/uploads\/2020\/01\/DSC_2819-2-300x200.jpg 300w, https:\/\/www.caririemacao.com\/1\/wp-content\/uploads\/2020\/01\/DSC_2819-2-768x512.jpg 768w, https:\/\/www.caririemacao.com\/1\/wp-content\/uploads\/2020\/01\/DSC_2819-2-1536x1024.jpg 1536w, https:\/\/www.caririemacao.com\/1\/wp-content\/uploads\/2020\/01\/DSC_2819-2.jpg 1600w\" data-sizes=\"(max-width: 1024px) 100vw, 1024px\" src=\"data:image\/svg+xml;base64,PHN2ZyB3aWR0aD0iMSIgaGVpZ2h0PSIxIiB4bWxucz0iaHR0cDovL3d3dy53My5vcmcvMjAwMC9zdmciPjwvc3ZnPg==\" style=\"--smush-placeholder-width: 1024px; --smush-placeholder-aspect-ratio: 1024\/683;\" \/><\/figure>\n\n\n\n<p>De acordo com o prefeito Adriano Wolff, a festa de S\u00e3o Sebasti\u00e3o \u00e9 um dos eventos mais aguardados pela popula\u00e7\u00e3o durante todo o ano e representa um momento de renova\u00e7\u00e3o. \u201cEssa \u00e9 uma das festas religiosas mais bonitas do interior paraibano. \u00c9 um momento em que ficamos mais perto de Deus e onde podemos renovar a nossa f\u00e9 e a nossa esperan\u00e7a\u201d, frisou o prefeito.<\/p>\n\n\n\n<figure class=\"wp-block-embed-facebook wp-block-embed is-type-video is-provider-facebook\"><div class=\"wp-block-embed__wrapper\">\n<div class=\"ose- ose-uid-531c59169c971940581f2b6c976831bc ose-embedpress-responsive\" style=\"width:600px; height:550px; max-height:550px; max-width:100%; display:inline-block;\" data-embed-type=\"Facebook\"><iframe allowFullScreen=\"true\" class=\"embera-facebook-iframe-531c5 lazyload\" data-src=\"https:\/\/www.facebook.com\/plugins\/post.php?href=https%3A%2F%2Fwww.facebook.com%2FCaririEmAcao%2Fvideos%2F493037164947744%2F&width=600&height=550&show_text=true\" width=\"600\" height=\"550\" style=\"border:none;overflow:hidden\" scrolling=\"no\" frameborder=\"0\" allowTransparency=\"true\" src=\"data:image\/svg+xml;base64,PHN2ZyB3aWR0aD0iMSIgaGVpZ2h0PSIxIiB4bWxucz0iaHR0cDovL3d3dy53My5vcmcvMjAwMC9zdmciPjwvc3ZnPg==\" data-load-mode=\"1\"><\/iframe><\/div>\n<\/div><\/figure>\n\n\n\n<p><a href=\"https:\/\/www.facebook.com\/CaririEmAcao\/videos\/493037164947744\/\">ASSISTA ENTREVISTA COM O PREFEITO ADRIANO WOLFF.<\/a><\/p>\n\n\n\n<p><a href=\"https:\/\/www.facebook.com\/pg\/CaririEmAcao\/photos\/?tab=album&amp;album_id=1786414024827946\">CLIQUE AQUI E VEJA TODAS AS FOTOS. <\/a><\/p>\n\n\n\n<p>VEJA A TRANSMISS\u00c3O AO VIVO DA MISSA E PROCISS\u00c3O. CLIQUE NOS LINKS ABAIXO:<\/p>\n\n\n\n<p><a href=\"https:\/\/www.facebook.com\/CaririEmAcao\/videos\/470937873793712\/\">MISSA<\/a> <\/p>\n\n\n\n<figure class=\"wp-block-embed-facebook wp-block-embed is-type-video is-provider-facebook\"><div class=\"wp-block-embed__wrapper\">\n<div class=\"ose- ose-uid-0bb6f060bde3752bba68d161eb0e1713 ose-embedpress-responsive\" style=\"width:600px; height:550px; max-height:550px; max-width:100%; display:inline-block;\" data-embed-type=\"Facebook\"><iframe allowFullScreen=\"true\" class=\"embera-facebook-iframe-0bb6f lazyload\" data-src=\"https:\/\/www.facebook.com\/plugins\/post.php?href=https%3A%2F%2Fwww.facebook.com%2FCaririEmAcao%2Fvideos%2F470937873793712%2F&width=600&height=550&show_text=true\" width=\"600\" height=\"550\" style=\"border:none;overflow:hidden\" scrolling=\"no\" frameborder=\"0\" allowTransparency=\"true\" src=\"data:image\/svg+xml;base64,PHN2ZyB3aWR0aD0iMSIgaGVpZ2h0PSIxIiB4bWxucz0iaHR0cDovL3d3dy53My5vcmcvMjAwMC9zdmciPjwvc3ZnPg==\" data-load-mode=\"1\"><\/iframe><\/div>\n<\/div><\/figure>\n\n\n\n<p><a href=\"https:\/\/www.facebook.com\/CaririEmAcao\/videos\/842733569500027\/\">PROCISS\u00c3O<\/a><\/p>\n\n\n\n<figure class=\"wp-block-embed-facebook wp-block-embed is-type-video is-provider-facebook\"><div class=\"wp-block-embed__wrapper\">\n<div class=\"ose- ose-uid-bdda24b1ee882ba2925b823564320557 ose-embedpress-responsive\" style=\"width:600px; height:550px; max-height:550px; max-width:100%; display:inline-block;\" data-embed-type=\"Facebook\"><iframe allowFullScreen=\"true\" class=\"embera-facebook-iframe-bdda2 lazyload\" data-src=\"https:\/\/www.facebook.com\/plugins\/post.php?href=https%3A%2F%2Fwww.facebook.com%2FCaririEmAcao%2Fvideos%2F842733569500027%2F&width=600&height=550&show_text=true\" width=\"600\" height=\"550\" style=\"border:none;overflow:hidden\" scrolling=\"no\" frameborder=\"0\" allowTransparency=\"true\" src=\"data:image\/svg+xml;base64,PHN2ZyB3aWR0aD0iMSIgaGVpZ2h0PSIxIiB4bWxucz0iaHR0cDovL3d3dy53My5vcmcvMjAwMC9zdmciPjwvc3ZnPg==\" data-load-mode=\"1\"><\/iframe><\/div>\n<\/div><\/figure>\n\n\n\n<p>OU\u00c7A ENTREVISTAS<\/p>\n\n\n\n<figure class=\"wp-block-embed-facebook wp-block-embed is-type-video is-provider-facebook\"><div class=\"wp-block-embed__wrapper\">\n<div class=\"ose- ose-uid-b05a36ca67ca091bea3d817ee24fe3b4 ose-embedpress-responsive\" style=\"width:600px; height:550px; max-height:550px; max-width:100%; display:inline-block;\" data-embed-type=\"Facebook\"><iframe allowFullScreen=\"true\" class=\"embera-facebook-iframe-b05a3 lazyload\" data-src=\"https:\/\/www.facebook.com\/plugins\/post.php?href=https%3A%2F%2Fwww.facebook.com%2FCaririEmAcao%2Fvideos%2F163409311592164%2F&width=600&height=550&show_text=true\" width=\"600\" height=\"550\" style=\"border:none;overflow:hidden\" scrolling=\"no\" frameborder=\"0\" allowTransparency=\"true\" src=\"data:image\/svg+xml;base64,PHN2ZyB3aWR0aD0iMSIgaGVpZ2h0PSIxIiB4bWxucz0iaHR0cDovL3d3dy53My5vcmcvMjAwMC9zdmciPjwvc3ZnPg==\" data-load-mode=\"1\"><\/iframe><\/div>\n<\/div><\/figure>\n\n\n\n<p><a href=\"https:\/\/www.facebook.com\/CaririEmAcao\/videos\/163409311592164\/\">PADRE NAELSON<\/a><\/p>\n\n\n\n<figure class=\"wp-block-embed-facebook wp-block-embed is-type-video is-provider-facebook\"><div class=\"wp-block-embed__wrapper\">\n<div class=\"ose- ose-uid-230fd7780e68ee257036a57900ff4137 ose-embedpress-responsive\" style=\"width:600px; height:550px; max-height:550px; max-width:100%; display:inline-block;\" data-embed-type=\"Facebook\"><iframe allowFullScreen=\"true\" class=\"embera-facebook-iframe-230fd lazyload\" data-src=\"https:\/\/www.facebook.com\/plugins\/post.php?href=https%3A%2F%2Fwww.facebook.com%2FCaririEmAcao%2Fvideos%2F1442814835892068%2F&width=600&height=550&show_text=true\" width=\"600\" height=\"550\" style=\"border:none;overflow:hidden\" scrolling=\"no\" frameborder=\"0\" allowTransparency=\"true\" src=\"data:image\/svg+xml;base64,PHN2ZyB3aWR0aD0iMSIgaGVpZ2h0PSIxIiB4bWxucz0iaHR0cDovL3d3dy53My5vcmcvMjAwMC9zdmciPjwvc3ZnPg==\" data-load-mode=\"1\"><\/iframe><\/div>\n<\/div><\/figure>\n\n\n\n<p><a href=\"https:\/\/www.facebook.com\/CaririEmAcao\/videos\/1442814835892068\/\">PADRE CRISTINO<\/a><\/p>\n\n\n\n<figure class=\"wp-block-embed-facebook wp-block-embed is-type-video is-provider-facebook\"><div class=\"wp-block-embed__wrapper\">\n<div class=\"ose- ose-uid-93a251ee0d57b9e19e210b02448e171c ose-embedpress-responsive\" style=\"width:600px; height:550px; max-height:550px; max-width:100%; display:inline-block;\" data-embed-type=\"Facebook\"><iframe allowFullScreen=\"true\" class=\"embera-facebook-iframe-93a25 lazyload\" data-src=\"https:\/\/www.facebook.com\/plugins\/post.php?href=https%3A%2F%2Fwww.facebook.com%2FCaririEmAcao%2Fvideos%2F3338166609587078%2F&width=600&height=550&show_text=true\" width=\"600\" height=\"550\" style=\"border:none;overflow:hidden\" scrolling=\"no\" frameborder=\"0\" allowTransparency=\"true\" src=\"data:image\/svg+xml;base64,PHN2ZyB3aWR0aD0iMSIgaGVpZ2h0PSIxIiB4bWxucz0iaHR0cDovL3d3dy53My5vcmcvMjAwMC9zdmciPjwvc3ZnPg==\" data-load-mode=\"1\"><\/iframe><\/div>\n<\/div><\/figure>\n\n\n\n<p><a href=\"https:\/\/www.facebook.com\/CaririEmAcao\/videos\/3338166609587078\/\">PADRE MARCOS<\/a><\/p>\n\n\n\n<p>A COBERTURA DO CARIRI EM A\u00c7\u00c3O TEVE O APOIO:<\/p>\n\n\n\n<p>Prefeito Adriano Wolff<br>Restaurante LBS <br>CPNET<\/p>\n","protected":false},"excerpt":{"rendered":"<p>Na noite desta segunda-feira (20), a popula\u00e7\u00e3o de S\u00e3o Sebasti\u00e3o do Umbuzeiro, no Cariri Paraibano prestigiou o encerramento da 108\u00aa edi\u00e7\u00e3o das festividades alusivas a&hellip; <\/p>\n","protected":false},"author":1,"featured_media":147953,"comment_status":"closed","ping_status":"closed","sticky":false,"template":"","format":"standard","meta":{"sfsi_plus_gutenberg_text_before_share":"","sfsi_plus_gutenberg_show_text_before_share":"","sfsi_plus_gutenberg_icon_type":"","sfsi_plus_gutenberg_icon_alignemt":"","sfsi_plus_gutenburg_max_per_row":"","footnotes":""},"categories":[6,50],"tags":[],"class_list":["post-147952","post","type-post","status-publish","format-standard","has-post-thumbnail","hentry","category-cidades","category-destaque"],"_links":{"self":[{"href":"https:\/\/www.caririemacao.com\/1\/wp-json\/wp\/v2\/posts\/147952","targetHints":{"allow":["GET"]}}],"collection":[{"href":"https:\/\/www.caririemacao.com\/1\/wp-json\/wp\/v2\/posts"}],"about":[{"href":"https:\/\/www.caririemacao.com\/1\/wp-json\/wp\/v2\/types\/post"}],"author":[{"embeddable":true,"href":"https:\/\/www.caririemacao.com\/1\/wp-json\/wp\/v2\/users\/1"}],"replies":[{"embeddable":true,"href":"https:\/\/www.caririemacao.com\/1\/wp-json\/wp\/v2\/comments?post=147952"}],"version-history":[{"count":5,"href":"https:\/\/www.caririemacao.com\/1\/wp-json\/wp\/v2\/posts\/147952\/revisions"}],"predecessor-version":[{"id":147972,"href":"https:\/\/www.caririemacao.com\/1\/wp-json\/wp\/v2\/posts\/147952\/revisions\/147972"}],"wp:featuredmedia":[{"embeddable":true,"href":"https:\/\/www.caririemacao.com\/1\/wp-json\/wp\/v2\/media\/147953"}],"wp:attachment":[{"href":"https:\/\/www.caririemacao.com\/1\/wp-json\/wp\/v2\/media?parent=147952"}],"wp:term":[{"taxonomy":"category","embeddable":true,"href":"https:\/\/www.caririemacao.com\/1\/wp-json\/wp\/v2\/categories?post=147952"},{"taxonomy":"post_tag","embeddable":true,"href":"https:\/\/www.caririemacao.com\/1\/wp-json\/wp\/v2\/tags?post=147952"}],"curies":[{"name":"wp","href":"https:\/\/api.w.org\/{rel}","templated":true}]}}