{"id":147984,"date":"2020-01-21T13:59:46","date_gmt":"2020-01-21T16:59:46","guid":{"rendered":"http:\/\/www.caririemacao.com\/1\/?p=147984"},"modified":"2020-01-21T13:59:46","modified_gmt":"2020-01-21T16:59:46","slug":"levantamento-aponta-que-indice-de-reajuste-salarial-aplicado-na-paraiba-e-o-maior-do-pais","status":"publish","type":"post","link":"https:\/\/www.caririemacao.com\/1\/2020\/01\/21\/levantamento-aponta-que-indice-de-reajuste-salarial-aplicado-na-paraiba-e-o-maior-do-pais\/","title":{"rendered":"Levantamento aponta que \u00edndice de reajuste salarial aplicado na Para\u00edba \u00e9 o maior do pa\u00eds"},"content":{"rendered":"\n<p>Um levantamento realizado pelo&nbsp;Conselho dos Secret\u00e1rios de Planejamento e da Gest\u00e3o Estrat\u00e9gica das Finan\u00e7as (Gefin) apontou que o reajuste salarial aplicado na Para\u00edba aos servidores p\u00fablicos \u00e9 o maior do pa\u00eds.&nbsp;O estado tamb\u00e9m se sobressai em rela\u00e7\u00e3o ao governo central, que n\u00e3o sinalizou nenhuma perspectiva de aumento para os servidores federais.&nbsp;<\/p>\n\n\n\n<p>O governador Jo\u00e3o Azev\u00eado anunciou um reajuste linear de 5% para todas as categorias do funcionalismo p\u00fablico, contemplando, inclusive, os aposentados e pensionistas das administra\u00e7\u00f5es direta e indireta. Al\u00e9m da Para\u00edba,&nbsp;apenas dois estados, Esp\u00edrito Santo e Paran\u00e1,&nbsp;j\u00e1 manifestaram que conceder\u00e3o aumento aos servidores, com percentuais de 3,5% e 2%, respectivamente.&nbsp;<\/p>\n\n\n\n<p>Os demais estados n\u00e3o conceder\u00e3o ou n\u00e3o definiram o percentual de reajuste.<br>&nbsp;<br><strong>Confira a tabela:<\/strong><br>PB &#8211; Sim. 5%;<br>MA &#8211; n\u00e3o;<br>AP &#8211; n\u00e3o;<br>ES &#8211; 3,5% (Dez\/19)<br>RO &#8211; n\u00e3o;<br>PA &#8211; indefinido;<br>RN &#8211; n\u00e3o;<br>MS &#8211; indefinido;<br>AL &#8211; indefinido;<br>AM &#8211; n\u00e3o;<br>PR &#8211; 2%;<br>CE &#8211; indefinido;<br>DF &#8211; n\u00e3o;<br>RJ &#8211; n\u00e3o;<br>PE &#8211; n\u00e3o;<br>MT &#8211; indefinido;<br>BA &#8211; n\u00e3o;<br>TO &#8211; indefinido;<br>SP &#8211; n\u00e3o<br>RS &#8211; n\u00e3o<br>SE- n\u00e3o<br>PI &#8211; indefinido<br>SC &#8211; indefinido<br>MG &#8211; n\u00e3o.<\/p>\n","protected":false},"excerpt":{"rendered":"<p>Um levantamento realizado pelo&nbsp;Conselho dos Secret\u00e1rios de Planejamento e da Gest\u00e3o Estrat\u00e9gica das Finan\u00e7as (Gefin) apontou que o reajuste salarial aplicado na Para\u00edba aos servidores&hellip; <\/p>\n","protected":false},"author":1,"featured_media":106099,"comment_status":"closed","ping_status":"closed","sticky":false,"template":"","format":"standard","meta":{"sfsi_plus_gutenberg_text_before_share":"","sfsi_plus_gutenberg_show_text_before_share":"","sfsi_plus_gutenberg_icon_type":"","sfsi_plus_gutenberg_icon_alignemt":"","sfsi_plus_gutenburg_max_per_row":"","footnotes":""},"categories":[2],"tags":[],"class_list":["post-147984","post","type-post","status-publish","format-standard","has-post-thumbnail","hentry","category-geral"],"_links":{"self":[{"href":"https:\/\/www.caririemacao.com\/1\/wp-json\/wp\/v2\/posts\/147984","targetHints":{"allow":["GET"]}}],"collection":[{"href":"https:\/\/www.caririemacao.com\/1\/wp-json\/wp\/v2\/posts"}],"about":[{"href":"https:\/\/www.caririemacao.com\/1\/wp-json\/wp\/v2\/types\/post"}],"author":[{"embeddable":true,"href":"https:\/\/www.caririemacao.com\/1\/wp-json\/wp\/v2\/users\/1"}],"replies":[{"embeddable":true,"href":"https:\/\/www.caririemacao.com\/1\/wp-json\/wp\/v2\/comments?post=147984"}],"version-history":[{"count":1,"href":"https:\/\/www.caririemacao.com\/1\/wp-json\/wp\/v2\/posts\/147984\/revisions"}],"predecessor-version":[{"id":147985,"href":"https:\/\/www.caririemacao.com\/1\/wp-json\/wp\/v2\/posts\/147984\/revisions\/147985"}],"wp:featuredmedia":[{"embeddable":true,"href":"https:\/\/www.caririemacao.com\/1\/wp-json\/wp\/v2\/media\/106099"}],"wp:attachment":[{"href":"https:\/\/www.caririemacao.com\/1\/wp-json\/wp\/v2\/media?parent=147984"}],"wp:term":[{"taxonomy":"category","embeddable":true,"href":"https:\/\/www.caririemacao.com\/1\/wp-json\/wp\/v2\/categories?post=147984"},{"taxonomy":"post_tag","embeddable":true,"href":"https:\/\/www.caririemacao.com\/1\/wp-json\/wp\/v2\/tags?post=147984"}],"curies":[{"name":"wp","href":"https:\/\/api.w.org\/{rel}","templated":true}]}}