{"id":147994,"date":"2020-01-21T14:04:32","date_gmt":"2020-01-21T17:04:32","guid":{"rendered":"http:\/\/www.caririemacao.com\/1\/?p=147994"},"modified":"2020-01-21T14:04:32","modified_gmt":"2020-01-21T17:04:32","slug":"lula-faz-exames-e-passa-a-usar-aparelhos-auditivos-nos-dois-ouvidos","status":"publish","type":"post","link":"https:\/\/www.caririemacao.com\/1\/2020\/01\/21\/lula-faz-exames-e-passa-a-usar-aparelhos-auditivos-nos-dois-ouvidos\/","title":{"rendered":"Lula faz exames e passa a usar aparelhos auditivos nos dois ouvidos"},"content":{"rendered":"\n<p>O ex-presidente Luiz In\u00e1cio Lula da Silva est\u00e1 usando aparelhos auditivos nos dois ouvidos, h\u00e1 cerca de duas semanas.<\/p>\n\n\n\n<p>Segundo informa\u00e7\u00f5es da coluna Painel, do jornal Folha de S.Paulo, Lula passou por exames ap\u00f3s sair da pris\u00e3o que detectaram uma perda auditiva.<\/p>\n\n\n\n<p>Pessoas que encontraram o ex-presidente recentemente relataram \u00e0 Folha que o equipamento \u00e9 quase impercept\u00edvel e que Lula havia dito que est\u00e1 ouvindo muito melhor.<\/p>\n","protected":false},"excerpt":{"rendered":"<p>O ex-presidente Luiz In\u00e1cio Lula da Silva est\u00e1 usando aparelhos auditivos nos dois ouvidos, h\u00e1 cerca de duas semanas. Segundo informa\u00e7\u00f5es da coluna Painel, do&hellip; <\/p>\n","protected":false},"author":1,"featured_media":147995,"comment_status":"closed","ping_status":"closed","sticky":false,"template":"","format":"standard","meta":{"sfsi_plus_gutenberg_text_before_share":"","sfsi_plus_gutenberg_show_text_before_share":"","sfsi_plus_gutenberg_icon_type":"","sfsi_plus_gutenberg_icon_alignemt":"","sfsi_plus_gutenburg_max_per_row":"","footnotes":""},"categories":[2],"tags":[],"class_list":["post-147994","post","type-post","status-publish","format-standard","has-post-thumbnail","hentry","category-geral"],"_links":{"self":[{"href":"https:\/\/www.caririemacao.com\/1\/wp-json\/wp\/v2\/posts\/147994","targetHints":{"allow":["GET"]}}],"collection":[{"href":"https:\/\/www.caririemacao.com\/1\/wp-json\/wp\/v2\/posts"}],"about":[{"href":"https:\/\/www.caririemacao.com\/1\/wp-json\/wp\/v2\/types\/post"}],"author":[{"embeddable":true,"href":"https:\/\/www.caririemacao.com\/1\/wp-json\/wp\/v2\/users\/1"}],"replies":[{"embeddable":true,"href":"https:\/\/www.caririemacao.com\/1\/wp-json\/wp\/v2\/comments?post=147994"}],"version-history":[{"count":1,"href":"https:\/\/www.caririemacao.com\/1\/wp-json\/wp\/v2\/posts\/147994\/revisions"}],"predecessor-version":[{"id":147996,"href":"https:\/\/www.caririemacao.com\/1\/wp-json\/wp\/v2\/posts\/147994\/revisions\/147996"}],"wp:featuredmedia":[{"embeddable":true,"href":"https:\/\/www.caririemacao.com\/1\/wp-json\/wp\/v2\/media\/147995"}],"wp:attachment":[{"href":"https:\/\/www.caririemacao.com\/1\/wp-json\/wp\/v2\/media?parent=147994"}],"wp:term":[{"taxonomy":"category","embeddable":true,"href":"https:\/\/www.caririemacao.com\/1\/wp-json\/wp\/v2\/categories?post=147994"},{"taxonomy":"post_tag","embeddable":true,"href":"https:\/\/www.caririemacao.com\/1\/wp-json\/wp\/v2\/tags?post=147994"}],"curies":[{"name":"wp","href":"https:\/\/api.w.org\/{rel}","templated":true}]}}