{"id":147998,"date":"2020-01-21T14:08:54","date_gmt":"2020-01-21T17:08:54","guid":{"rendered":"http:\/\/www.caririemacao.com\/1\/?p=147998"},"modified":"2020-01-21T14:08:54","modified_gmt":"2020-01-21T17:08:54","slug":"petrobras-vai-demitir-empregado-aposentado-apos-reforma-da-previdencia","status":"publish","type":"post","link":"https:\/\/www.caririemacao.com\/1\/2020\/01\/21\/petrobras-vai-demitir-empregado-aposentado-apos-reforma-da-previdencia\/","title":{"rendered":"Petrobras vai demitir empregado aposentado ap\u00f3s reforma da Previd\u00eancia"},"content":{"rendered":"\n<p>A Petrobras anunciou que os empregados celetistas da empresa que ingressaram com pedido de aposentadoria ap\u00f3s a reforma da Previd\u00eancia ser\u00e3o demitidos quando o benef\u00edcio for concedido pelo Instituto Nacional do Seguro Social (INSS). A empresa foi questionada sobre quantos funcion\u00e1rios est\u00e3o nesta situa\u00e7\u00e3o, quanto a empresa deve gastar na rescis\u00e3o dos contratos e se os trabalhadores ser\u00e3o substitu\u00eddos, mas n\u00e3o respondeu. A companhia tamb\u00e9m n\u00e3o informou como ser\u00e1 feito o processo de desligamento.<\/p>\n\n\n\n<p>A estatal informou, por meio de nota, que adotou a medida em acordo com a Emenda Constitucional 103 (reforma da Previd\u00eancia), que estabeleceu que \u201ca aposentadoria concedida com a utiliza\u00e7\u00e3o de tempo de contribui\u00e7\u00e3o decorrente de cargo, emprego ou fun\u00e7\u00e3o p\u00fablica acarretar\u00e1 o rompimento do v\u00ednculo que gerou o tempo de contribui\u00e7\u00e3o\u201d.<\/p>\n\n\n\n<p>Segundo a petroleira, os empregados que solicitarem a aposentadoria com a utiliza\u00e7\u00e3o do tempo de contribui\u00e7\u00e3o a partir de 13 de novembro de 2019 ter\u00e3o seu contrato de trabalho com a Petrobras extinto quando da concess\u00e3o da aposentadoria pelo INSS.<\/p>\n\n\n\n<p>A estatal afirmou ainda que o funcion\u00e1rio que protocolou pedido de benef\u00edcio poder\u00e1 permanecer na empresa, desde que cancele a solicita\u00e7\u00e3o junto ao Instituto Nacional do Seguro Social.<\/p>\n\n\n\n<p>\u201cPara os empregados que deram entrada com o tempo de contribui\u00e7\u00e3o decorrente de v\u00ednculo com a Petrobras e desejarem desistir do benef\u00edcio, o cancelamento poder\u00e1 ser solicitado desde que o empregado exer\u00e7a essa prerrogativa antes do primeiro recebimento do benef\u00edcio ou do saque do FGTS ou do PIS\u201d.<\/p>\n\n\n\n<p><strong>Banco do Brasil<\/strong><\/p>\n\n\n\n<p>O Banco do Brasil j\u00e1 havia anunciado a mesma medida para extinguir o contrato de trabalho dos funcion\u00e1rios celetistas que se aposentarem ap\u00f3s a reforma da Previd\u00eancia. Os empregados podem ter o contrato de trabalho mantido, desde que n\u00e3o tenham recebido o benef\u00edcio ou feito saque do FGTS ou do PIS .<\/p>\n","protected":false},"excerpt":{"rendered":"<p>A Petrobras anunciou que os empregados celetistas da empresa que ingressaram com pedido de aposentadoria ap\u00f3s a reforma da Previd\u00eancia ser\u00e3o demitidos quando o benef\u00edcio&hellip; <\/p>\n","protected":false},"author":1,"featured_media":147999,"comment_status":"closed","ping_status":"closed","sticky":false,"template":"","format":"standard","meta":{"sfsi_plus_gutenberg_text_before_share":"","sfsi_plus_gutenberg_show_text_before_share":"","sfsi_plus_gutenberg_icon_type":"","sfsi_plus_gutenberg_icon_alignemt":"","sfsi_plus_gutenburg_max_per_row":"","footnotes":""},"categories":[11],"tags":[],"class_list":["post-147998","post","type-post","status-publish","format-standard","has-post-thumbnail","hentry","category-politica"],"_links":{"self":[{"href":"https:\/\/www.caririemacao.com\/1\/wp-json\/wp\/v2\/posts\/147998","targetHints":{"allow":["GET"]}}],"collection":[{"href":"https:\/\/www.caririemacao.com\/1\/wp-json\/wp\/v2\/posts"}],"about":[{"href":"https:\/\/www.caririemacao.com\/1\/wp-json\/wp\/v2\/types\/post"}],"author":[{"embeddable":true,"href":"https:\/\/www.caririemacao.com\/1\/wp-json\/wp\/v2\/users\/1"}],"replies":[{"embeddable":true,"href":"https:\/\/www.caririemacao.com\/1\/wp-json\/wp\/v2\/comments?post=147998"}],"version-history":[{"count":1,"href":"https:\/\/www.caririemacao.com\/1\/wp-json\/wp\/v2\/posts\/147998\/revisions"}],"predecessor-version":[{"id":148000,"href":"https:\/\/www.caririemacao.com\/1\/wp-json\/wp\/v2\/posts\/147998\/revisions\/148000"}],"wp:featuredmedia":[{"embeddable":true,"href":"https:\/\/www.caririemacao.com\/1\/wp-json\/wp\/v2\/media\/147999"}],"wp:attachment":[{"href":"https:\/\/www.caririemacao.com\/1\/wp-json\/wp\/v2\/media?parent=147998"}],"wp:term":[{"taxonomy":"category","embeddable":true,"href":"https:\/\/www.caririemacao.com\/1\/wp-json\/wp\/v2\/categories?post=147998"},{"taxonomy":"post_tag","embeddable":true,"href":"https:\/\/www.caririemacao.com\/1\/wp-json\/wp\/v2\/tags?post=147998"}],"curies":[{"name":"wp","href":"https:\/\/api.w.org\/{rel}","templated":true}]}}