{"id":148002,"date":"2020-01-21T14:10:51","date_gmt":"2020-01-21T17:10:51","guid":{"rendered":"http:\/\/www.caririemacao.com\/1\/?p=148002"},"modified":"2020-01-21T14:10:51","modified_gmt":"2020-01-21T17:10:51","slug":"saiba-quem-e-o-responsavel-em-caso-de-roubos-e-furtos-a-veiculos-em-estacionamentos","status":"publish","type":"post","link":"https:\/\/www.caririemacao.com\/1\/2020\/01\/21\/saiba-quem-e-o-responsavel-em-caso-de-roubos-e-furtos-a-veiculos-em-estacionamentos\/","title":{"rendered":"Saiba quem \u00e9 o respons\u00e1vel em caso de roubos e furtos a ve\u00edculos em estacionamentos"},"content":{"rendered":"\n<p>advogado Andrey Levi, especialista em direito do consumidor, falou sobre os furtos e roubos a ve\u00edculos em estabelecimentos que fornecem o servi\u00e7o de estacionamento aos clientes.<\/p>\n\n\n\n<p>Durante entrevista concedida a uma emissora de r\u00e1dio local, o advogado explicou as situa\u00e7\u00f5es em que&nbsp;o estabelecimento deve responder pelos furtos e roubos.<\/p>\n\n\n\n<figure class=\"wp-block-image\"><img decoding=\"async\" data-src=\"https:\/\/paraibaonline.com.br\/wp-content\/uploads\/2019\/11\/estacionamento1911.jpg\" alt=\"Foto: Ascom\" class=\"wp-image-820019 lazyload\" src=\"data:image\/svg+xml;base64,PHN2ZyB3aWR0aD0iMSIgaGVpZ2h0PSIxIiB4bWxucz0iaHR0cDovL3d3dy53My5vcmcvMjAwMC9zdmciPjwvc3ZnPg==\" \/><\/figure>\n\n\n\n<p>Foto: Ascom<\/p>\n\n\n\n<p>\u2013 O consumidor deve ter em mente se o estacionamento que ele colocou o ve\u00edculo possui um acesso restrito, independentemente de ele ser pago ou ser gratuito. Se h\u00e1 restri\u00e7\u00e3o do controle de entrada de ve\u00edculos, ainda que os port\u00f5es sejam abertos, existe a responsabilidade. Diferentemente quando esse acesso \u00e9 liberado, o entendimento do STJ \u00e9 que n\u00e3o existe responsabilidade nem sobre o ve\u00edculo e nem sobre os bens \u2013 explicou.<\/p>\n\n\n\n<p>Para ter a garantia dos seus direitos, \u00e9 recomend\u00e1vel que o consumidor guarde o ticket ou bilhete de estacionamento, fa\u00e7a um boletim de ocorr\u00eancia, tire fotos do local, solicite as imagens do circuito interno de TV e consiga testemunhas.<\/p>\n\n\n\n<p>Mesmo que haja avisos com a frase \u201cn\u00e3o nos responsabilizamos pelo ve\u00edculo ou pelos objetos deixados no ve\u00edculo\u201d, o estabelecimento deve ressarcir o cliente.<\/p>\n","protected":false},"excerpt":{"rendered":"<p>advogado Andrey Levi, especialista em direito do consumidor, falou sobre os furtos e roubos a ve\u00edculos em estabelecimentos que fornecem o servi\u00e7o de estacionamento aos&hellip; <\/p>\n","protected":false},"author":1,"featured_media":148005,"comment_status":"closed","ping_status":"closed","sticky":false,"template":"","format":"standard","meta":{"sfsi_plus_gutenberg_text_before_share":"","sfsi_plus_gutenberg_show_text_before_share":"","sfsi_plus_gutenberg_icon_type":"","sfsi_plus_gutenberg_icon_alignemt":"","sfsi_plus_gutenburg_max_per_row":"","footnotes":""},"categories":[2],"tags":[],"class_list":["post-148002","post","type-post","status-publish","format-standard","has-post-thumbnail","hentry","category-geral"],"_links":{"self":[{"href":"https:\/\/www.caririemacao.com\/1\/wp-json\/wp\/v2\/posts\/148002","targetHints":{"allow":["GET"]}}],"collection":[{"href":"https:\/\/www.caririemacao.com\/1\/wp-json\/wp\/v2\/posts"}],"about":[{"href":"https:\/\/www.caririemacao.com\/1\/wp-json\/wp\/v2\/types\/post"}],"author":[{"embeddable":true,"href":"https:\/\/www.caririemacao.com\/1\/wp-json\/wp\/v2\/users\/1"}],"replies":[{"embeddable":true,"href":"https:\/\/www.caririemacao.com\/1\/wp-json\/wp\/v2\/comments?post=148002"}],"version-history":[{"count":1,"href":"https:\/\/www.caririemacao.com\/1\/wp-json\/wp\/v2\/posts\/148002\/revisions"}],"predecessor-version":[{"id":148006,"href":"https:\/\/www.caririemacao.com\/1\/wp-json\/wp\/v2\/posts\/148002\/revisions\/148006"}],"wp:featuredmedia":[{"embeddable":true,"href":"https:\/\/www.caririemacao.com\/1\/wp-json\/wp\/v2\/media\/148005"}],"wp:attachment":[{"href":"https:\/\/www.caririemacao.com\/1\/wp-json\/wp\/v2\/media?parent=148002"}],"wp:term":[{"taxonomy":"category","embeddable":true,"href":"https:\/\/www.caririemacao.com\/1\/wp-json\/wp\/v2\/categories?post=148002"},{"taxonomy":"post_tag","embeddable":true,"href":"https:\/\/www.caririemacao.com\/1\/wp-json\/wp\/v2\/tags?post=148002"}],"curies":[{"name":"wp","href":"https:\/\/api.w.org\/{rel}","templated":true}]}}