{"id":148039,"date":"2020-01-21T14:21:44","date_gmt":"2020-01-21T17:21:44","guid":{"rendered":"http:\/\/www.caririemacao.com\/1\/?p=148039"},"modified":"2020-01-21T14:21:44","modified_gmt":"2020-01-21T17:21:44","slug":"carlos-lupi-nega-conversa-para-joao-azevedo-ingressar-no-pdt","status":"publish","type":"post","link":"https:\/\/www.caririemacao.com\/1\/2020\/01\/21\/carlos-lupi-nega-conversa-para-joao-azevedo-ingressar-no-pdt\/","title":{"rendered":"Carlos Lupi nega conversa para Jo\u00e3o Azev\u00eado ingressar no PDT"},"content":{"rendered":"\n<p>O governador da Para\u00edba, Jo\u00e3o Azev\u00eado, segue sem partido e revelou que n\u00e3o recebeu convite do PDT para ingressar na legenda. O presidente nacional da sigla, Carlos Lupi confirmou que n\u00e3o tem conversado com Jo\u00e3o e destacou que caso haja interesse de Jo\u00e3o em fazer parte do PDT, quem vai dialogar com ele sobre o assunto ser\u00e1 a vice governadora, L\u00edgia Feliciano (PDT).<\/p>\n\n\n\n<p>\u201cSe ela est\u00e1 com ele o di\u00e1logo \u00e9 direto. N\u00e3o tive conversa com ele. N\u00f3s temos uma vice governadora e o convite ser\u00e1 feito por ela caso haja interesse de ambos nesta filia\u00e7\u00e3o. Temos respeito, di\u00e1logo e n\u00e3o vou passar por cima de ningu\u00e9m. Tem que verificar se Azev\u00eado quer\u201d, explicou Carlos Lupi.<\/p>\n\n\n\n<p>O governador foi indagado sobre o assunto durante solenidade de posse de mil professores da rede estadual de ensino nesta segunda-feira (20), na Pra\u00e7a do Povo, do Espa\u00e7o Cultural Jos\u00e9 Lins do R\u00eago, em Jo\u00e3o Pessoa.<\/p>\n\n\n\n<p>O presidente da sigla na Para\u00edba \u00e9 Renato Costa Feliciano, filho da vice governadora e do deputado federal Dami\u00e3o Feliciano. Com informa\u00e7\u00f5es do Blog do Ninja.<\/p>\n\n\n\n<p><\/p>\n","protected":false},"excerpt":{"rendered":"<p>O governador da Para\u00edba, Jo\u00e3o Azev\u00eado, segue sem partido e revelou que n\u00e3o recebeu convite do PDT para ingressar na legenda. O presidente nacional da&hellip; <\/p>\n","protected":false},"author":1,"featured_media":147287,"comment_status":"closed","ping_status":"closed","sticky":false,"template":"","format":"standard","meta":{"sfsi_plus_gutenberg_text_before_share":"","sfsi_plus_gutenberg_show_text_before_share":"","sfsi_plus_gutenberg_icon_type":"","sfsi_plus_gutenberg_icon_alignemt":"","sfsi_plus_gutenburg_max_per_row":"","footnotes":""},"categories":[2],"tags":[],"class_list":["post-148039","post","type-post","status-publish","format-standard","has-post-thumbnail","hentry","category-geral"],"_links":{"self":[{"href":"https:\/\/www.caririemacao.com\/1\/wp-json\/wp\/v2\/posts\/148039","targetHints":{"allow":["GET"]}}],"collection":[{"href":"https:\/\/www.caririemacao.com\/1\/wp-json\/wp\/v2\/posts"}],"about":[{"href":"https:\/\/www.caririemacao.com\/1\/wp-json\/wp\/v2\/types\/post"}],"author":[{"embeddable":true,"href":"https:\/\/www.caririemacao.com\/1\/wp-json\/wp\/v2\/users\/1"}],"replies":[{"embeddable":true,"href":"https:\/\/www.caririemacao.com\/1\/wp-json\/wp\/v2\/comments?post=148039"}],"version-history":[{"count":1,"href":"https:\/\/www.caririemacao.com\/1\/wp-json\/wp\/v2\/posts\/148039\/revisions"}],"predecessor-version":[{"id":148041,"href":"https:\/\/www.caririemacao.com\/1\/wp-json\/wp\/v2\/posts\/148039\/revisions\/148041"}],"wp:featuredmedia":[{"embeddable":true,"href":"https:\/\/www.caririemacao.com\/1\/wp-json\/wp\/v2\/media\/147287"}],"wp:attachment":[{"href":"https:\/\/www.caririemacao.com\/1\/wp-json\/wp\/v2\/media?parent=148039"}],"wp:term":[{"taxonomy":"category","embeddable":true,"href":"https:\/\/www.caririemacao.com\/1\/wp-json\/wp\/v2\/categories?post=148039"},{"taxonomy":"post_tag","embeddable":true,"href":"https:\/\/www.caririemacao.com\/1\/wp-json\/wp\/v2\/tags?post=148039"}],"curies":[{"name":"wp","href":"https:\/\/api.w.org\/{rel}","templated":true}]}}