{"id":148043,"date":"2020-01-21T14:23:22","date_gmt":"2020-01-21T17:23:22","guid":{"rendered":"http:\/\/www.caririemacao.com\/1\/?p=148043"},"modified":"2020-01-21T14:23:22","modified_gmt":"2020-01-21T17:23:22","slug":"prefeito-inacio-nobrega-assinou-convenio-para-construcao-de-83-cisternas-de-placas-no-municipio","status":"publish","type":"post","link":"https:\/\/www.caririemacao.com\/1\/2020\/01\/21\/prefeito-inacio-nobrega-assinou-convenio-para-construcao-de-83-cisternas-de-placas-no-municipio\/","title":{"rendered":"Prefeito In\u00e1cio N\u00f3brega assinou conv\u00eanio para constru\u00e7\u00e3o de 83 Cisternas de Placas no munic\u00edpio"},"content":{"rendered":"\n<p>O prefeito In\u00e1cio N\u00f3brega assinou na \u00faltima quinta-feira (16), conv\u00eanio junto ao Cons\u00f3rcio Intermunicipal de Sa\u00fade do Cariri Ocidental (CISCO), para constru\u00e7\u00e3o de 83 CISTERNAS de placas mediante contrapartida do munic\u00edpio or\u00e7ada em 19.290,86 (dezenove mil duzentos e noventa reais e oitenta e seis centavos).<br>Com a constru\u00e7\u00e3o destes reservat\u00f3rios, esperamos minimizar os efeitos causados pelas longas estiagens \u00e0 nossa popula\u00e7\u00e3o da zona rural, disse o Prefeito.<br>Ascom<\/p>\n","protected":false},"excerpt":{"rendered":"<p>O prefeito In\u00e1cio N\u00f3brega assinou na \u00faltima quinta-feira (16), conv\u00eanio junto ao Cons\u00f3rcio Intermunicipal de Sa\u00fade do Cariri Ocidental (CISCO), para constru\u00e7\u00e3o de 83 CISTERNAS&hellip; <\/p>\n","protected":false},"author":1,"featured_media":148045,"comment_status":"closed","ping_status":"closed","sticky":false,"template":"","format":"standard","meta":{"sfsi_plus_gutenberg_text_before_share":"","sfsi_plus_gutenberg_show_text_before_share":"","sfsi_plus_gutenberg_icon_type":"","sfsi_plus_gutenberg_icon_alignemt":"","sfsi_plus_gutenburg_max_per_row":"","footnotes":""},"categories":[6],"tags":[],"class_list":["post-148043","post","type-post","status-publish","format-standard","has-post-thumbnail","hentry","category-cidades"],"_links":{"self":[{"href":"https:\/\/www.caririemacao.com\/1\/wp-json\/wp\/v2\/posts\/148043","targetHints":{"allow":["GET"]}}],"collection":[{"href":"https:\/\/www.caririemacao.com\/1\/wp-json\/wp\/v2\/posts"}],"about":[{"href":"https:\/\/www.caririemacao.com\/1\/wp-json\/wp\/v2\/types\/post"}],"author":[{"embeddable":true,"href":"https:\/\/www.caririemacao.com\/1\/wp-json\/wp\/v2\/users\/1"}],"replies":[{"embeddable":true,"href":"https:\/\/www.caririemacao.com\/1\/wp-json\/wp\/v2\/comments?post=148043"}],"version-history":[{"count":1,"href":"https:\/\/www.caririemacao.com\/1\/wp-json\/wp\/v2\/posts\/148043\/revisions"}],"predecessor-version":[{"id":148046,"href":"https:\/\/www.caririemacao.com\/1\/wp-json\/wp\/v2\/posts\/148043\/revisions\/148046"}],"wp:featuredmedia":[{"embeddable":true,"href":"https:\/\/www.caririemacao.com\/1\/wp-json\/wp\/v2\/media\/148045"}],"wp:attachment":[{"href":"https:\/\/www.caririemacao.com\/1\/wp-json\/wp\/v2\/media?parent=148043"}],"wp:term":[{"taxonomy":"category","embeddable":true,"href":"https:\/\/www.caririemacao.com\/1\/wp-json\/wp\/v2\/categories?post=148043"},{"taxonomy":"post_tag","embeddable":true,"href":"https:\/\/www.caririemacao.com\/1\/wp-json\/wp\/v2\/tags?post=148043"}],"curies":[{"name":"wp","href":"https:\/\/api.w.org\/{rel}","templated":true}]}}