{"id":148047,"date":"2020-01-21T14:24:56","date_gmt":"2020-01-21T17:24:56","guid":{"rendered":"http:\/\/www.caririemacao.com\/1\/?p=148047"},"modified":"2020-01-21T14:24:56","modified_gmt":"2020-01-21T17:24:56","slug":"paraibatec-realiza-aula-inaugural-de-cursos-profissionalizantes-em-sume","status":"publish","type":"post","link":"https:\/\/www.caririemacao.com\/1\/2020\/01\/21\/paraibatec-realiza-aula-inaugural-de-cursos-profissionalizantes-em-sume\/","title":{"rendered":"Para\u00edbatec realiza aula inaugural de cursos profissionalizantes em Sum\u00e9"},"content":{"rendered":"\n<figure class=\"wp-block-image\"><a href=\"https:\/\/www.sume.pb.gov.br\/wp-content\/uploads\/2020\/01\/WhatsApp-Image-2020-01-21-at-12.15.13-1.jpeg\"><img decoding=\"async\" data-src=\"https:\/\/www.sume.pb.gov.br\/wp-content\/uploads\/2020\/01\/WhatsApp-Image-2020-01-21-at-12.15.13-1-300x168.jpeg\" alt=\"\" src=\"data:image\/svg+xml;base64,PHN2ZyB3aWR0aD0iMSIgaGVpZ2h0PSIxIiB4bWxucz0iaHR0cDovL3d3dy53My5vcmcvMjAwMC9zdmciPjwvc3ZnPg==\" class=\"lazyload\" style=\"--smush-placeholder-width: 300px; --smush-placeholder-aspect-ratio: 300\/168;\" \/><\/a><\/figure>\n\n\n\n<figure class=\"wp-block-image\"><a href=\"https:\/\/www.sume.pb.gov.br\/wp-content\/uploads\/2020\/01\/WhatsApp-Image-2020-01-21-at-12.15.16-1-1.jpeg\"><img decoding=\"async\" data-src=\"https:\/\/www.sume.pb.gov.br\/wp-content\/uploads\/2020\/01\/WhatsApp-Image-2020-01-21-at-12.15.16-1-1-300x169.jpeg\" alt=\"\" src=\"data:image\/svg+xml;base64,PHN2ZyB3aWR0aD0iMSIgaGVpZ2h0PSIxIiB4bWxucz0iaHR0cDovL3d3dy53My5vcmcvMjAwMC9zdmciPjwvc3ZnPg==\" class=\"lazyload\" style=\"--smush-placeholder-width: 300px; --smush-placeholder-aspect-ratio: 300\/169;\" \/><\/a><\/figure>\n\n\n\n<figure class=\"wp-block-image\"><a href=\"https:\/\/www.sume.pb.gov.br\/wp-content\/uploads\/2020\/01\/WhatsApp-Image-2020-01-21-at-12.15.18-3.jpeg\"><img decoding=\"async\" data-src=\"https:\/\/www.sume.pb.gov.br\/wp-content\/uploads\/2020\/01\/WhatsApp-Image-2020-01-21-at-12.15.18-3-300x225.jpeg\" alt=\"\" src=\"data:image\/svg+xml;base64,PHN2ZyB3aWR0aD0iMSIgaGVpZ2h0PSIxIiB4bWxucz0iaHR0cDovL3d3dy53My5vcmcvMjAwMC9zdmciPjwvc3ZnPg==\" class=\"lazyload\" style=\"--smush-placeholder-width: 300px; --smush-placeholder-aspect-ratio: 300\/225;\" \/><\/a><\/figure>\n\n\n\n<p>Trezentos alunos participaram nesta segunda-feira (20) da aula inaugural dos cursos do Para\u00edbatec em Sum\u00e9. O evento foi realizado no audit\u00f3rio da Escola Cidad\u00e3 Integral Professor Jos\u00e9 Gon\u00e7alves de Queiroz, local onde ser\u00e1 ministrada as aulas.<\/p>\n\n\n\n<p>Est\u00e3o sendo ofertados aos estudantes sumeenses os cursos de: Bombeiro Civil, Cuidador de Idoso, Assistente Administrativo, Cuidador Infantil, Microempreendedor Individual (MEI), Gar\u00e7om, Organizador de Eventos, Agentes de Informa\u00e7\u00f5es Tur\u00edsticas, Operador de Caixa, Ingl\u00eas B\u00e1sico e Balconista de Farm\u00e1cia.<\/p>\n\n\n\n<p>Os cursos t\u00eam dura\u00e7\u00e3o m\u00e9dia de 3 a 4 meses, variando de 160 a 240 horas, as aulas acontecem de segunda a sexta-feira das 19h \u00e0s 22h.<\/p>\n\n\n\n<p>De acordo com o supervisor do programa no munic\u00edpio, Messias Alexandre, a aula inaugural teve como objetivo apresentar aos alunos como \u00e9 o funcionamento dos cursos e apresenta\u00e7\u00e3o da equipe administrativa e de professores. \u201cAgradecer a parceria com a dire\u00e7\u00e3o da escola estadual e a Prefeitura de Sum\u00e9 que tem nos apoiado na execu\u00e7\u00e3o dos cursos\u201d, ressaltou Messias.<\/p>\n\n\n\n<p>A realiza\u00e7\u00e3o destes cursos em Sum\u00e9 conta com o apoio da Prefeitura Municipal. O prefeito \u00c9den Duarte tem buscado parceria com diversas institui\u00e7\u00f5es de ensino na finalidade de ampliar a oferta de educa\u00e7\u00e3o profissional e tecnol\u00f3gica. Tamb\u00e9m funciona em parceria com a Prefeitura, na Escola Maria Leite Rafael, os cursos do Mediotec\/Pronatec. O Mediotec j\u00e1 formou 65 alunos do ensino m\u00e9dio, nos cursos de T\u00e9cnico em Administra\u00e7\u00e3o, T\u00e9cnico em Contabilidade e T\u00e9cnico em Seguran\u00e7a do Trabalho.<\/p>\n\n\n\n<p>\u201cEm nossa gest\u00e3o estamos investindo no ensino t\u00e9cnico e profissionalizante, desta forma, estamos dando oportunidade de qualifica\u00e7\u00e3o, para que as pessoas possam buscar uma vaga no mercado de trabalho\u201d, afirmou \u00c9den.<\/p>\n\n\n\n<p>Ascom PMS<\/p>\n","protected":false},"excerpt":{"rendered":"<p>Trezentos alunos participaram nesta segunda-feira (20) da aula inaugural dos cursos do Para\u00edbatec em Sum\u00e9. O evento foi realizado no audit\u00f3rio da Escola Cidad\u00e3 Integral&hellip; <\/p>\n","protected":false},"author":1,"featured_media":145023,"comment_status":"closed","ping_status":"closed","sticky":false,"template":"","format":"standard","meta":{"sfsi_plus_gutenberg_text_before_share":"","sfsi_plus_gutenberg_show_text_before_share":"","sfsi_plus_gutenberg_icon_type":"","sfsi_plus_gutenberg_icon_alignemt":"","sfsi_plus_gutenburg_max_per_row":"","footnotes":""},"categories":[14],"tags":[],"class_list":["post-148047","post","type-post","status-publish","format-standard","has-post-thumbnail","hentry","category-educacao"],"_links":{"self":[{"href":"https:\/\/www.caririemacao.com\/1\/wp-json\/wp\/v2\/posts\/148047","targetHints":{"allow":["GET"]}}],"collection":[{"href":"https:\/\/www.caririemacao.com\/1\/wp-json\/wp\/v2\/posts"}],"about":[{"href":"https:\/\/www.caririemacao.com\/1\/wp-json\/wp\/v2\/types\/post"}],"author":[{"embeddable":true,"href":"https:\/\/www.caririemacao.com\/1\/wp-json\/wp\/v2\/users\/1"}],"replies":[{"embeddable":true,"href":"https:\/\/www.caririemacao.com\/1\/wp-json\/wp\/v2\/comments?post=148047"}],"version-history":[{"count":1,"href":"https:\/\/www.caririemacao.com\/1\/wp-json\/wp\/v2\/posts\/148047\/revisions"}],"predecessor-version":[{"id":148048,"href":"https:\/\/www.caririemacao.com\/1\/wp-json\/wp\/v2\/posts\/148047\/revisions\/148048"}],"wp:featuredmedia":[{"embeddable":true,"href":"https:\/\/www.caririemacao.com\/1\/wp-json\/wp\/v2\/media\/145023"}],"wp:attachment":[{"href":"https:\/\/www.caririemacao.com\/1\/wp-json\/wp\/v2\/media?parent=148047"}],"wp:term":[{"taxonomy":"category","embeddable":true,"href":"https:\/\/www.caririemacao.com\/1\/wp-json\/wp\/v2\/categories?post=148047"},{"taxonomy":"post_tag","embeddable":true,"href":"https:\/\/www.caririemacao.com\/1\/wp-json\/wp\/v2\/tags?post=148047"}],"curies":[{"name":"wp","href":"https:\/\/api.w.org\/{rel}","templated":true}]}}