{"id":148051,"date":"2020-01-21T14:26:19","date_gmt":"2020-01-21T17:26:19","guid":{"rendered":"http:\/\/www.caririemacao.com\/1\/?p=148051"},"modified":"2020-01-21T14:26:19","modified_gmt":"2020-01-21T17:26:19","slug":"prefeitura-de-sume-retoma-servico-de-implantes-dentarios","status":"publish","type":"post","link":"https:\/\/www.caririemacao.com\/1\/2020\/01\/21\/prefeitura-de-sume-retoma-servico-de-implantes-dentarios\/","title":{"rendered":"Prefeitura de Sum\u00e9 retoma servi\u00e7o de implantes dent\u00e1rios"},"content":{"rendered":"\n<p>A Prefeitura de Sum\u00e9 est\u00e1 retomando o Programa de Implantes Dent\u00e1rios. Nos pr\u00f3ximos dias 30 e 31 ser\u00e3o realizadas triagem para os pacientes do munic\u00edpio no Centro de Especialidades Odontol\u00f3gicas.<\/p>\n\n\n\n<p>A empresa que estar\u00e1 executando os servi\u00e7os \u00e9 a Center Dente, que foi vencedora do Processo Licitat\u00f3rio e que atua nos munic\u00edpios de Patos e Mogeiro.<\/p>\n\n\n\n<p>O programa contempla os munic\u00edpios que comp\u00f5em a 5\u00aa&nbsp; Regi\u00e3o de Sa\u00fade do Cariri Ocidental, que s\u00e3o: Amparo, Camala\u00fa, Cara\u00fabas, Congo, Coxixola, Gurj\u00e3o, Livramento, Monteiro, Ouro Velho, Parari, S\u00e3o Jo\u00e3o do Cariri, S\u00e3o Jo\u00e3o do Tigre, S\u00e3o Jos\u00e9 dos Cordeiros, S\u00e3o Sebasti\u00e3o do Umbuzeiro, Serra Branca, Sum\u00e9 e Zabel\u00ea.<\/p>\n\n\n\n<p>As pessoas de Sum\u00e9 que precisam do servi\u00e7o devem primeiro passar pelo dentista da unidade de sa\u00fade, que dar\u00e1 o encaminhamento necess\u00e1rio para o Centro de Especialidades Odontol\u00f3gicas (CEO), onde ser\u00e3o realizados os implantes.<\/p>\n\n\n\n<p>Os pacientes das demais cidades da regi\u00e3o do Cariri contempladas pelo programa precisam tamb\u00e9m passar pelo dentista da unidade de sa\u00fade que far\u00e1 a avalia\u00e7\u00e3o, em seguida devem procurar a Secretaria de Sa\u00fade do munic\u00edpio de origem que dar\u00e1 o encaminhamento para o CEO de Sum\u00e9.<\/p>\n\n\n\n<p>O servi\u00e7o ser\u00e1 gratuito para a popula\u00e7\u00e3o, sendo custeado por cada munic\u00edpio. Normalmente o pre\u00e7o de um implante dent\u00e1rio com um profissional particular pode variar entre R$ 4 mil e R$ 6 mil. Sum\u00e9 foi o primeiro munic\u00edpio no Nordeste brasileiro a oferecer o servi\u00e7o gratuitamente.<\/p>\n\n\n\n<p>O implante dent\u00e1rio al\u00e9m de devolver a sa\u00fade bucal, renova a autoestima e confian\u00e7a dos pacientes que tiveram a perda dos dentes.<\/p>\n","protected":false},"excerpt":{"rendered":"<p>A Prefeitura de Sum\u00e9 est\u00e1 retomando o Programa de Implantes Dent\u00e1rios. Nos pr\u00f3ximos dias 30 e 31 ser\u00e3o realizadas triagem para os pacientes do munic\u00edpio&hellip; <\/p>\n","protected":false},"author":1,"featured_media":29868,"comment_status":"closed","ping_status":"closed","sticky":false,"template":"","format":"standard","meta":{"sfsi_plus_gutenberg_text_before_share":"","sfsi_plus_gutenberg_show_text_before_share":"","sfsi_plus_gutenberg_icon_type":"","sfsi_plus_gutenberg_icon_alignemt":"","sfsi_plus_gutenburg_max_per_row":"","footnotes":""},"categories":[16],"tags":[],"class_list":["post-148051","post","type-post","status-publish","format-standard","has-post-thumbnail","hentry","category-saude"],"_links":{"self":[{"href":"https:\/\/www.caririemacao.com\/1\/wp-json\/wp\/v2\/posts\/148051","targetHints":{"allow":["GET"]}}],"collection":[{"href":"https:\/\/www.caririemacao.com\/1\/wp-json\/wp\/v2\/posts"}],"about":[{"href":"https:\/\/www.caririemacao.com\/1\/wp-json\/wp\/v2\/types\/post"}],"author":[{"embeddable":true,"href":"https:\/\/www.caririemacao.com\/1\/wp-json\/wp\/v2\/users\/1"}],"replies":[{"embeddable":true,"href":"https:\/\/www.caririemacao.com\/1\/wp-json\/wp\/v2\/comments?post=148051"}],"version-history":[{"count":1,"href":"https:\/\/www.caririemacao.com\/1\/wp-json\/wp\/v2\/posts\/148051\/revisions"}],"predecessor-version":[{"id":148055,"href":"https:\/\/www.caririemacao.com\/1\/wp-json\/wp\/v2\/posts\/148051\/revisions\/148055"}],"wp:featuredmedia":[{"embeddable":true,"href":"https:\/\/www.caririemacao.com\/1\/wp-json\/wp\/v2\/media\/29868"}],"wp:attachment":[{"href":"https:\/\/www.caririemacao.com\/1\/wp-json\/wp\/v2\/media?parent=148051"}],"wp:term":[{"taxonomy":"category","embeddable":true,"href":"https:\/\/www.caririemacao.com\/1\/wp-json\/wp\/v2\/categories?post=148051"},{"taxonomy":"post_tag","embeddable":true,"href":"https:\/\/www.caririemacao.com\/1\/wp-json\/wp\/v2\/tags?post=148051"}],"curies":[{"name":"wp","href":"https:\/\/api.w.org\/{rel}","templated":true}]}}