{"id":148057,"date":"2020-01-21T14:28:16","date_gmt":"2020-01-21T17:28:16","guid":{"rendered":"http:\/\/www.caririemacao.com\/1\/?p=148057"},"modified":"2020-01-21T14:28:16","modified_gmt":"2020-01-21T17:28:16","slug":"camara-aprova-projeto-que-cede-espaco-para-instalacao-de-unidade-do-corpo-de-bombeiros-em-sume","status":"publish","type":"post","link":"https:\/\/www.caririemacao.com\/1\/2020\/01\/21\/camara-aprova-projeto-que-cede-espaco-para-instalacao-de-unidade-do-corpo-de-bombeiros-em-sume\/","title":{"rendered":"C\u00e2mara aprova projeto que cede espa\u00e7o para instala\u00e7\u00e3o de Unidade do Corpo de Bombeiros em Sum\u00e9"},"content":{"rendered":"\n<p>Na noite desta segunda-feira (20), a C\u00e2mara de Vereadores de Sum\u00e9, esteve reunida de forma extraordin\u00e1ria para discutir projetos oriundos do Poder Executivo.<\/p>\n\n\n\n<p>Na oportunidade, foi aprovado o projeto de lei que cede por 15 anos, a antiga sede do SENAI, para o funcionamento de uma Unidade do Corpo de Bombeiros da Para\u00edba em Sum\u00e9, o local fica localizado no bairro Carro Quebrado.<\/p>\n\n\n\n<p>Os vereadores aprovaram ainda, o projeto de lei que cria 2 cargos de provimento efetivo de professor do ensino fundamental II, com habilita\u00e7\u00e3o em m\u00fasica.<\/p>\n\n\n\n<p>Foi aprovado o projeto que cria 17 cargos de provimento efetivo de carreira para t\u00e9cnico de enfermagem.<\/p>\n\n\n\n<div class=\"wp-block-image\"><figure class=\"aligncenter\"><a href=\"http:\/\/noticiasemdestaque.com\/cd\/wp-content\/uploads\/2020\/01\/83907071_1677054122436121_7962148443638464512_n.jpg\"><img decoding=\"async\" data-src=\"http:\/\/noticiasemdestaque.com\/cd\/wp-content\/uploads\/2020\/01\/83907071_1677054122436121_7962148443638464512_n.jpg\" alt=\"\" class=\"wp-image-22172 lazyload\" src=\"data:image\/svg+xml;base64,PHN2ZyB3aWR0aD0iMSIgaGVpZ2h0PSIxIiB4bWxucz0iaHR0cDovL3d3dy53My5vcmcvMjAwMC9zdmciPjwvc3ZnPg==\" \/><\/a><\/figure><\/div>\n\n\n\n<p>Ap\u00f3s a reuni\u00e3o, o presidente do Legislativo Bomba, destacou o papel importante do Legislativo na vinda do Corpo de Bombeiros para o Cariri, \u201cEstamos reunidos de forma extraordin\u00e1ria em virtude da C\u00e2mara se encontrar em recesso previsto em regimento, mas sem custos aos cofres p\u00fablicos, para contribuir sempre que poss\u00edvel para o crescimento de Sum\u00e9 e regi\u00e3o\u201d, afirmou Bomba.<\/p>\n\n\n\n<p>Ascom\/ C\u00e2mara<\/p>\n","protected":false},"excerpt":{"rendered":"<p>Na noite desta segunda-feira (20), a C\u00e2mara de Vereadores de Sum\u00e9, esteve reunida de forma extraordin\u00e1ria para discutir projetos oriundos do Poder Executivo. Na oportunidade,&hellip; <\/p>\n","protected":false},"author":1,"featured_media":148060,"comment_status":"closed","ping_status":"closed","sticky":false,"template":"","format":"standard","meta":{"sfsi_plus_gutenberg_text_before_share":"","sfsi_plus_gutenberg_show_text_before_share":"","sfsi_plus_gutenberg_icon_type":"","sfsi_plus_gutenberg_icon_alignemt":"","sfsi_plus_gutenburg_max_per_row":"","footnotes":""},"categories":[50,2],"tags":[],"class_list":["post-148057","post","type-post","status-publish","format-standard","has-post-thumbnail","hentry","category-destaque","category-geral"],"_links":{"self":[{"href":"https:\/\/www.caririemacao.com\/1\/wp-json\/wp\/v2\/posts\/148057","targetHints":{"allow":["GET"]}}],"collection":[{"href":"https:\/\/www.caririemacao.com\/1\/wp-json\/wp\/v2\/posts"}],"about":[{"href":"https:\/\/www.caririemacao.com\/1\/wp-json\/wp\/v2\/types\/post"}],"author":[{"embeddable":true,"href":"https:\/\/www.caririemacao.com\/1\/wp-json\/wp\/v2\/users\/1"}],"replies":[{"embeddable":true,"href":"https:\/\/www.caririemacao.com\/1\/wp-json\/wp\/v2\/comments?post=148057"}],"version-history":[{"count":1,"href":"https:\/\/www.caririemacao.com\/1\/wp-json\/wp\/v2\/posts\/148057\/revisions"}],"predecessor-version":[{"id":148061,"href":"https:\/\/www.caririemacao.com\/1\/wp-json\/wp\/v2\/posts\/148057\/revisions\/148061"}],"wp:featuredmedia":[{"embeddable":true,"href":"https:\/\/www.caririemacao.com\/1\/wp-json\/wp\/v2\/media\/148060"}],"wp:attachment":[{"href":"https:\/\/www.caririemacao.com\/1\/wp-json\/wp\/v2\/media?parent=148057"}],"wp:term":[{"taxonomy":"category","embeddable":true,"href":"https:\/\/www.caririemacao.com\/1\/wp-json\/wp\/v2\/categories?post=148057"},{"taxonomy":"post_tag","embeddable":true,"href":"https:\/\/www.caririemacao.com\/1\/wp-json\/wp\/v2\/tags?post=148057"}],"curies":[{"name":"wp","href":"https:\/\/api.w.org\/{rel}","templated":true}]}}