{"id":148063,"date":"2020-01-21T14:40:44","date_gmt":"2020-01-21T17:40:44","guid":{"rendered":"http:\/\/www.caririemacao.com\/1\/?p=148063"},"modified":"2020-01-21T14:40:44","modified_gmt":"2020-01-21T17:40:44","slug":"suspeita-de-matar-marido-a-facadas-vai-para-prisao-domiciliar","status":"publish","type":"post","link":"https:\/\/www.caririemacao.com\/1\/2020\/01\/21\/suspeita-de-matar-marido-a-facadas-vai-para-prisao-domiciliar\/","title":{"rendered":"Suspeita de matar marido a facadas vai para pris\u00e3o domiciliar"},"content":{"rendered":"\n<p>Uma mulher de 31 anos suspeita de&nbsp;<strong>matar o marido a facadas<\/strong>&nbsp;no bairro Tr\u00eas Irm\u00e3s, em Campina Grande, passou por audi\u00eancia de cust\u00f3dia na tarde desta segunda-feira (20) e vai cumprir pris\u00e3o domiciliar. As informa\u00e7\u00f5es s\u00e3o da TV Correio. A pris\u00e3o domiciliar foi determinada porque ela tem filhos menores de 12 anos.<\/p>\n\n\n\n<p><strong>Crime foi planejado<\/strong><\/p>\n\n\n\n<p>A suspeita contou \u00e0 pol\u00edcia que planejou o assassinato depois de encontrar mensagens do marido para outra mulher em redes sociais. Para ela, evid\u00eancia de trai\u00e7\u00e3o. Ela chegou a enviar um \u00e1udio para uma amiga informando que iria cometer o crime.<\/p>\n\n\n\n<p>\u201cVou matar ele hoje. Pra ele aprender a n\u00e3o tirar onda com a minha cara, a n\u00e3o me trair\u201d, diz um trecho da mensagem. \u201cEu vou pedir uma coisa a voc\u00ea, a minha m\u00e3e e a minhas irm\u00e3s. V\u00e3o me visitar [na pres\u00eddio]\u201d, completa a suspeita.<\/p>\n\n\n\n<p>Segundo o delegado Francisco de Assis, tr\u00eas filhos da suspeita, sendo um deles da v\u00edtima, estavam na casa no momento do crime. As crian\u00e7as agora est\u00e3o sob cuidados de av\u00f3s.<\/p>\n\n\n\n<p>Vizinhos da fam\u00edlia acionaram a pol\u00edcia e tentaram espancar a mulher. A viol\u00eancia foi impedida com a chegada da viatura da Pol\u00edcia Militar. O Servi\u00e7o de Atendimento M\u00f3vel de Urg\u00eancia (Samu) tamb\u00e9m foi chamado, mas o homem j\u00e1 estava morto. A suspeita foi levada para a Central de Pol\u00edcia Civil; e a faca utilizada no crime, apreendida.<\/p>\n\n\n\n<p>Portal Correio<\/p>\n","protected":false},"excerpt":{"rendered":"<p>Uma mulher de 31 anos suspeita de&nbsp;matar o marido a facadas&nbsp;no bairro Tr\u00eas Irm\u00e3s, em Campina Grande, passou por audi\u00eancia de cust\u00f3dia na tarde desta&hellip; <\/p>\n","protected":false},"author":1,"featured_media":148066,"comment_status":"closed","ping_status":"closed","sticky":false,"template":"","format":"standard","meta":{"sfsi_plus_gutenberg_text_before_share":"","sfsi_plus_gutenberg_show_text_before_share":"","sfsi_plus_gutenberg_icon_type":"","sfsi_plus_gutenberg_icon_alignemt":"","sfsi_plus_gutenburg_max_per_row":"","footnotes":""},"categories":[12],"tags":[],"class_list":["post-148063","post","type-post","status-publish","format-standard","has-post-thumbnail","hentry","category-policia"],"_links":{"self":[{"href":"https:\/\/www.caririemacao.com\/1\/wp-json\/wp\/v2\/posts\/148063","targetHints":{"allow":["GET"]}}],"collection":[{"href":"https:\/\/www.caririemacao.com\/1\/wp-json\/wp\/v2\/posts"}],"about":[{"href":"https:\/\/www.caririemacao.com\/1\/wp-json\/wp\/v2\/types\/post"}],"author":[{"embeddable":true,"href":"https:\/\/www.caririemacao.com\/1\/wp-json\/wp\/v2\/users\/1"}],"replies":[{"embeddable":true,"href":"https:\/\/www.caririemacao.com\/1\/wp-json\/wp\/v2\/comments?post=148063"}],"version-history":[{"count":1,"href":"https:\/\/www.caririemacao.com\/1\/wp-json\/wp\/v2\/posts\/148063\/revisions"}],"predecessor-version":[{"id":148067,"href":"https:\/\/www.caririemacao.com\/1\/wp-json\/wp\/v2\/posts\/148063\/revisions\/148067"}],"wp:featuredmedia":[{"embeddable":true,"href":"https:\/\/www.caririemacao.com\/1\/wp-json\/wp\/v2\/media\/148066"}],"wp:attachment":[{"href":"https:\/\/www.caririemacao.com\/1\/wp-json\/wp\/v2\/media?parent=148063"}],"wp:term":[{"taxonomy":"category","embeddable":true,"href":"https:\/\/www.caririemacao.com\/1\/wp-json\/wp\/v2\/categories?post=148063"},{"taxonomy":"post_tag","embeddable":true,"href":"https:\/\/www.caririemacao.com\/1\/wp-json\/wp\/v2\/tags?post=148063"}],"curies":[{"name":"wp","href":"https:\/\/api.w.org\/{rel}","templated":true}]}}