{"id":148069,"date":"2020-01-21T14:42:36","date_gmt":"2020-01-21T17:42:36","guid":{"rendered":"http:\/\/www.caririemacao.com\/1\/?p=148069"},"modified":"2020-01-21T14:42:36","modified_gmt":"2020-01-21T17:42:36","slug":"virus-causa-primeira-morte-por-febre-hemorragica-em-20-anos","status":"publish","type":"post","link":"https:\/\/www.caririemacao.com\/1\/2020\/01\/21\/virus-causa-primeira-morte-por-febre-hemorragica-em-20-anos\/","title":{"rendered":"V\u00edrus causa primeira morte por febre hemorr\u00e1gica em 20 anos"},"content":{"rendered":"\n<p>Minist\u00e9rio da Sa\u00fade comunicou a detec\u00e7\u00e3o de um caso de febre hemorr\u00e1gica brasileira em S\u00e3o Paulo. O paciente, morador de Sorocaba, no interior do estado, morreu 12 dias depois da interna\u00e7\u00e3o. De acordo com a pasta, ele contraiu um novo v\u00edrus do g\u00eanero&nbsp;<em>Mammarenav\u00edrus<\/em>, da fam\u00edlia<em>&nbsp;Arenaviridae<\/em>, de esp\u00e9cie ainda indefinida e semelhante \u00e0 Sabi\u00e1. O arenav\u00edrus n\u00e3o era identificado no pa\u00eds h\u00e1 mais de 20 anos.<\/p>\n\n\n\n<p>Segundo a assessoria da pasta, o homem n\u00e3o apresentava hist\u00f3rico de viagem internacional e a origem da contamina\u00e7\u00e3o pelo v\u00edrus ainda n\u00e3o foi confirmada. Ele deu entrada, no dia 30 de dezembro, em um hospital no munic\u00edpio de Eldorado, localizado a cerca de 250 quil\u00f4metros da capital. No per\u00edodo, foi submetido a exames que descartaram outras doen\u00e7as transmiss\u00edveis, como febre amarela, hepatites virais, leptospirose, dengue e zika.<\/p>\n\n\n\n<p>O paciente passou ainda por outras unidades de sa\u00fade, em Pariquera-A\u00e7u e S\u00e3o Paulo. O \u00faltimo atendimento ocorreu no Hospital das Cl\u00ednicas da Faculdade de Medicina da Universidade de S\u00e3o Paulo (HCFM-USP).<\/p>\n\n\n\n<p>O reconhecimento da doen\u00e7a foi feito pelo Laborat\u00f3rio de T\u00e9cnicas Especiais, do Hospital Israelita Albert Einstein. \u201cO que se sabe \u00e9 que as pessoas contraem a doen\u00e7a possivelmente por meio da inala\u00e7\u00e3o de part\u00edculas formadas a partir da urina, fezes e saliva de roedores infectados\u201d, diz a nota do minist\u00e9rio, divulgada na noite desta segunda-feira (20).<\/p>\n\n\n\n<p>Entre os pacientes com&nbsp;febre hemorr\u00e1gica brasileira podem ocorrer os seguintes sintomas: febre, mal-estar, dores musculares, manchas vermelhas no corpo, dor de garganta, no est\u00f4mago e atr\u00e1s dos olhos, dor de cabe\u00e7a, tonturas, sensibilidade \u00e0 luz, constipa\u00e7\u00e3o e sangramento de mucosas, como boca e nariz.<\/p>\n\n\n\n<p>Com o agravamento do quadro de sa\u00fade,&nbsp;o sistema nervoso pode ser afetado. O comprometimento neurol\u00f3gico se manifesta por&nbsp; sonol\u00eancia, confus\u00e3o mental, altera\u00e7\u00e3o de comportamento e convuls\u00e3o.<\/p>\n\n\n\n<p>O per\u00edodo de incuba\u00e7\u00e3o da doen\u00e7a \u00e9 longo, tendo, em m\u00e9dia, dura\u00e7\u00e3o de 7 a 21 dias.<\/p>\n\n\n\n<h2 class=\"wp-block-heading\">Incid\u00eancia do v\u00edrus<\/h2>\n\n\n\n<p>No ano passado, a Bol\u00edvia enfrentou um surto de arenav\u00edrus, segundo a Organiza\u00e7\u00e3o Pan-Americana da Sa\u00fade (Opas).<\/p>\n\n\n\n<p>Em mat\u00e9ria veiculada em dezembro, o assessor regional para Doen\u00e7as Virais da OPAS, Jairo M\u00e9ndez, menciona que, a princ\u00edpio, se pensava que eram casos de dengue, mas que o Centers for Disease Control and Prevention dos Estados Unidos \u2013 CDC), que mant\u00e9m parceria com a entidade, confirmou se tratar de arenav\u00edrus.<\/p>\n\n\n\n<p>Como o arenav\u00edrus pode ser transmitido de pessoa a pessoa, as equipes dos hospitais que trataram do paciente est\u00e3o sendo monitoradas, como tamb\u00e9m seus familiares, de acordo com o governo federal. A transmiss\u00e3o pode acontecer por meio do contato com saliva, sangue, urina, fezes, v\u00f4mito, s\u00eamen e outras secre\u00e7\u00f5es e excre\u00e7\u00f5es. Por isso, recomenda-se o uso de equipamentos de prote\u00e7\u00e3o.<\/p>\n\n\n\n<p>O Minist\u00e9rio da Sa\u00fade informou que dar\u00e1 uma resposta \u00e0 popula\u00e7\u00e3o, face ao incidente. Al\u00e9m de publicar um&nbsp;<a href=\"http:\/\/portalarquivos2.saude.gov.br\/images\/pdf\/2020\/janeiro\/20\/Boletim-epidemiologico-SVS-03.pdf\" target=\"_blank\" rel=\"noreferrer noopener\">boletim epidemiol\u00f3gico<\/a>&nbsp;com detalhes sobre o quadro notificado, a pasta promoveu uma reuni\u00e3o com representantes da Secretaria da Sa\u00fade de S\u00e3o Paulo, o HCFM-USP e o Conselho Nacional de Sa\u00fade, que devem atuar sobre o caso.<\/p>\n\n\n\n<p>Fonte: Ag\u00eancia Brasil<\/p>\n","protected":false},"excerpt":{"rendered":"<p>Minist\u00e9rio da Sa\u00fade comunicou a detec\u00e7\u00e3o de um caso de febre hemorr\u00e1gica brasileira em S\u00e3o Paulo. O paciente, morador de Sorocaba, no interior do estado,&hellip; <\/p>\n","protected":false},"author":1,"featured_media":148071,"comment_status":"closed","ping_status":"closed","sticky":false,"template":"","format":"standard","meta":{"sfsi_plus_gutenberg_text_before_share":"","sfsi_plus_gutenberg_show_text_before_share":"","sfsi_plus_gutenberg_icon_type":"","sfsi_plus_gutenberg_icon_alignemt":"","sfsi_plus_gutenburg_max_per_row":"","footnotes":""},"categories":[16],"tags":[],"class_list":["post-148069","post","type-post","status-publish","format-standard","has-post-thumbnail","hentry","category-saude"],"_links":{"self":[{"href":"https:\/\/www.caririemacao.com\/1\/wp-json\/wp\/v2\/posts\/148069","targetHints":{"allow":["GET"]}}],"collection":[{"href":"https:\/\/www.caririemacao.com\/1\/wp-json\/wp\/v2\/posts"}],"about":[{"href":"https:\/\/www.caririemacao.com\/1\/wp-json\/wp\/v2\/types\/post"}],"author":[{"embeddable":true,"href":"https:\/\/www.caririemacao.com\/1\/wp-json\/wp\/v2\/users\/1"}],"replies":[{"embeddable":true,"href":"https:\/\/www.caririemacao.com\/1\/wp-json\/wp\/v2\/comments?post=148069"}],"version-history":[{"count":1,"href":"https:\/\/www.caririemacao.com\/1\/wp-json\/wp\/v2\/posts\/148069\/revisions"}],"predecessor-version":[{"id":148072,"href":"https:\/\/www.caririemacao.com\/1\/wp-json\/wp\/v2\/posts\/148069\/revisions\/148072"}],"wp:featuredmedia":[{"embeddable":true,"href":"https:\/\/www.caririemacao.com\/1\/wp-json\/wp\/v2\/media\/148071"}],"wp:attachment":[{"href":"https:\/\/www.caririemacao.com\/1\/wp-json\/wp\/v2\/media?parent=148069"}],"wp:term":[{"taxonomy":"category","embeddable":true,"href":"https:\/\/www.caririemacao.com\/1\/wp-json\/wp\/v2\/categories?post=148069"},{"taxonomy":"post_tag","embeddable":true,"href":"https:\/\/www.caririemacao.com\/1\/wp-json\/wp\/v2\/tags?post=148069"}],"curies":[{"name":"wp","href":"https:\/\/api.w.org\/{rel}","templated":true}]}}