{"id":148097,"date":"2020-01-22T07:49:29","date_gmt":"2020-01-22T10:49:29","guid":{"rendered":"http:\/\/www.caririemacao.com\/1\/?p=148097"},"modified":"2020-01-22T07:49:29","modified_gmt":"2020-01-22T10:49:29","slug":"botafogo-pb-vence-sao-paulo-crystal-e-estreia-bem-no-paraibano","status":"publish","type":"post","link":"https:\/\/www.caririemacao.com\/1\/2020\/01\/22\/botafogo-pb-vence-sao-paulo-crystal-e-estreia-bem-no-paraibano\/","title":{"rendered":"Botafogo-PB vence S\u00e3o Paulo Crystal e estreia bem no Paraibano"},"content":{"rendered":"\n<p>O Botafogo-PB n\u00e3o teve trabalho para estrear vencendo no Campeonato Paraibano 2020.<\/p>\n\n\n\n<p>Em partida realizada na noite desta ter\u00e7a-feira (21), no est\u00e1dio Almeid\u00e3o, em Jo\u00e3o Pessoa, o Belo bateu o S\u00e3o Paulo Crystal por 2 a 0 e largou bem em busca do tetra estadual.<\/p>\n\n\n\n<p>C\u00e1ssio Gabriel e Luiz Gustavo, ambos no primeiro tempo, anotaram os gols do atual tricampe\u00e3o paraibano.<\/p>\n\n\n\n<p>A partida teve muita intensidade no primeiro tempo e caiu de produ\u00e7\u00e3o na segunda etapa.<\/p>\n\n\n\n<p>Agora as aten\u00e7\u00f5es do Bota-PB se voltam para a Copa do Nordeste. \u00c9 que no pr\u00f3ximo s\u00e1bado (25) o time de Evaristo Piza estreia no regional contra o Am\u00e9rica-RN, \u00e0s 18h, na Arena das Dunas.<\/p>\n\n\n\n<p><strong>Ficha t\u00e9cnica:<\/strong><\/p>\n\n\n\n<p>Botafogo-PB x S\u00e3o Paulo Crystal<\/p>\n\n\n\n<p><strong>Data:<\/strong>&nbsp;21\/01\/2020 \u2013 20h15<br><strong>Local:<\/strong>&nbsp;Est\u00e1dio Almeid\u00e3o \/ Jo\u00e3o Pessoa<br><strong>Competi\u00e7\u00e3o:<\/strong>&nbsp;Campeonato Paraibano 2020 (1\u00aa rodada)<\/p>\n\n\n\n<p><strong>Arbitragem:<\/strong>&nbsp;Jos\u00e9 Ferreira de Sousa Neto; Rafael Guedes e Wlademir Cunha Mendes.<\/p>\n\n\n\n<p><strong>Gols:<\/strong>&nbsp;C\u00e1ssio Gabriel (aos 12\u2019 do 1\u00baT), Luiz Gustavo (aos 36\u2019 do 1\u00baT) para o Botafogo-PB.<\/p>\n\n\n\n<p><strong>Cart\u00f5es amarelos:<\/strong>&nbsp;\u00c9verton Heleno e Lioz Gustavo (B); LG e Bravo (SP).<\/p>\n\n\n\n<p><strong>Botafogo-PB:<\/strong>&nbsp;Samuel, Israel, Fred, Luiz Gustavo e Enercino; Wellington C\u00e9zar, Everton Heleno, Marcos Vin\u00edcius(Kelvin), C\u00e1ssio Gabriel (Erivelton) e Rodrigo Andrade; M\u00e1rio S\u00e9rgio (Lohan). T\u00e9cnico: Evaristo Piza.<\/p>\n\n\n\n<p><strong>S\u00e3o Paulo Crystal:<\/strong>&nbsp;Nilton, Rom\u00e1rio (Michel), Renan, Thales e Carioca; LG, Ewerton (Welton), Leandro e Henrique; Biro Biro (Thiago Almeida) e Bravo. T\u00e9cnico: \u00cdndio Ferreira.<\/p>\n","protected":false},"excerpt":{"rendered":"<p>O Botafogo-PB n\u00e3o teve trabalho para estrear vencendo no Campeonato Paraibano 2020. Em partida realizada na noite desta ter\u00e7a-feira (21), no est\u00e1dio Almeid\u00e3o, em Jo\u00e3o&hellip; <\/p>\n","protected":false},"author":1,"featured_media":148098,"comment_status":"closed","ping_status":"closed","sticky":false,"template":"","format":"standard","meta":{"sfsi_plus_gutenberg_text_before_share":"","sfsi_plus_gutenberg_show_text_before_share":"","sfsi_plus_gutenberg_icon_type":"","sfsi_plus_gutenberg_icon_alignemt":"","sfsi_plus_gutenburg_max_per_row":"","footnotes":""},"categories":[13],"tags":[],"class_list":["post-148097","post","type-post","status-publish","format-standard","has-post-thumbnail","hentry","category-esportes"],"_links":{"self":[{"href":"https:\/\/www.caririemacao.com\/1\/wp-json\/wp\/v2\/posts\/148097","targetHints":{"allow":["GET"]}}],"collection":[{"href":"https:\/\/www.caririemacao.com\/1\/wp-json\/wp\/v2\/posts"}],"about":[{"href":"https:\/\/www.caririemacao.com\/1\/wp-json\/wp\/v2\/types\/post"}],"author":[{"embeddable":true,"href":"https:\/\/www.caririemacao.com\/1\/wp-json\/wp\/v2\/users\/1"}],"replies":[{"embeddable":true,"href":"https:\/\/www.caririemacao.com\/1\/wp-json\/wp\/v2\/comments?post=148097"}],"version-history":[{"count":1,"href":"https:\/\/www.caririemacao.com\/1\/wp-json\/wp\/v2\/posts\/148097\/revisions"}],"predecessor-version":[{"id":148099,"href":"https:\/\/www.caririemacao.com\/1\/wp-json\/wp\/v2\/posts\/148097\/revisions\/148099"}],"wp:featuredmedia":[{"embeddable":true,"href":"https:\/\/www.caririemacao.com\/1\/wp-json\/wp\/v2\/media\/148098"}],"wp:attachment":[{"href":"https:\/\/www.caririemacao.com\/1\/wp-json\/wp\/v2\/media?parent=148097"}],"wp:term":[{"taxonomy":"category","embeddable":true,"href":"https:\/\/www.caririemacao.com\/1\/wp-json\/wp\/v2\/categories?post=148097"},{"taxonomy":"post_tag","embeddable":true,"href":"https:\/\/www.caririemacao.com\/1\/wp-json\/wp\/v2\/tags?post=148097"}],"curies":[{"name":"wp","href":"https:\/\/api.w.org\/{rel}","templated":true}]}}