{"id":148111,"date":"2020-01-22T07:56:21","date_gmt":"2020-01-22T10:56:21","guid":{"rendered":"http:\/\/www.caririemacao.com\/1\/?p=148111"},"modified":"2020-01-22T07:56:21","modified_gmt":"2020-01-22T10:56:21","slug":"governador-lanca-novo-programa-de-habitacao-popular-nesta-quarta-feira","status":"publish","type":"post","link":"https:\/\/www.caririemacao.com\/1\/2020\/01\/22\/governador-lanca-novo-programa-de-habitacao-popular-nesta-quarta-feira\/","title":{"rendered":"Governador lan\u00e7a novo programa de habita\u00e7\u00e3o popular nesta quarta-feira"},"content":{"rendered":"\n<p>O governador Jo\u00e3o Azev\u00eado lan\u00e7ar\u00e1 nesta quarta-feira (22), \u00e0s 10h, durante solenidade no Pal\u00e1cio da Reden\u00e7\u00e3o, o novo programa de habita\u00e7\u00e3o popular do estado.&nbsp;Para isso, o governador j\u00e1 se reuniu, nesta ter\u00e7a-feira (21), na Granja Santana, em Jo\u00e3o Pessoa, com representantes do F\u00f3rum Estadual de Reforma Urbana da Para\u00edba.<\/p>\n\n\n\n<p>O projeto \u201cParceiros da Habita\u00e7\u00e3o\u201d est\u00e1 incluso nas metas estabelecidas pelo governo para 2020 e deve receber investimentos superiores a R$ 15 milh\u00f5es da gest\u00e3o estadual para a constru\u00e7\u00e3o de mil casas. O projeto-piloto ser\u00e1 iniciado nos munic\u00edpios de Jo\u00e3o Pessoa, Rem\u00edgio e Barra de S\u00e3o Miguel, onde ser\u00e3o constru\u00eddas 174 resid\u00eancias.&nbsp;&nbsp;<\/p>\n\n\n\n<p>Na reuni\u00e3o, o chefe do Executivo estadual destacou o car\u00e1ter inovador da a\u00e7\u00e3o que prev\u00ea parcerias com entidades ligadas \u00e0 moradia e com as prefeituras. \u201cN\u00f3s fizemos um estudo dentro dos limites do estado, diante da dificuldade do programa habitacional em n\u00edvel federal. Esse \u00e9 um trabalho de parceria e temos uma meta ousada, o que representa o esfor\u00e7o da administra\u00e7\u00e3o para garantir a execu\u00e7\u00e3o desse investimento\u201d, frisou.&nbsp;&nbsp;<\/p>\n\n\n\n<p>A presidente da Companhia Estadual de Habita\u00e7\u00e3o Popular (Cehap), Em\u00edlia Correia Lima, ressaltou a import\u00e2ncia do di\u00e1logo com os movimentos sociais. \u201cO governo vem cumprindo o compromisso de fazer esse programa com a participa\u00e7\u00e3o dos movimentos e damos esse retorno hoje diante do que j\u00e1 havia sido proposto. Esse estreitamento de rela\u00e7\u00f5es \u00e9 fundamental porque representa o nosso respeito com as entidades que representam a popula\u00e7\u00e3o\u201d, disse.&nbsp;&nbsp;<\/p>\n\n\n\n<p>O representante do Movimento de Moradia A\u00e7\u00e3o e Luta Comunit\u00e1ria (Malc), Luiz Costa, afirmou que as entidades se sentem contempladas com o novo programa estadual de habita\u00e7\u00e3o. \u201cN\u00f3s dialogamos mais uma vez com o governo, que nos apresentou esse projeto e vemos isso como uma forma de respeito aos pensamentos que ajudamos a construir. A Para\u00edba d\u00e1 uma resposta para o Brasil e parabenizo o governo pela iniciativa inovadora\u201d, comentou.&nbsp;&nbsp;<\/p>\n\n\n\n<p>Participaram da reuni\u00e3o representantes do Movimento Nacional de Luta pela Moradia (MNLM); Movimento M\u00e3os Dadas; Movimento de Moradia A\u00e7\u00e3o e Luta Comunit\u00e1ria (Malc); Confedera\u00e7\u00e3o Nacional das Associa\u00e7\u00f5es de Moradores (Conam); Uni\u00e3o Popular por Moradia; SOS Rio Cui\u00e1; Movimento de Luta nos Bairros (MLB); Funda\u00e7\u00e3o Margarida Maria Alves;&nbsp; Federa\u00e7\u00e3o Paraibana do Movimento Comunit\u00e1rio (Fepamoc); e Comunidade Morada Nova.&nbsp;&nbsp;<\/p>\n\n\n\n<p>Os secret\u00e1rios Deusdete Queiroga (Infraestrutura, dos Recursos H\u00eddricos e do Meio Ambiente) e Ronaldo Guerra (Estado e chefe de gabinete do governador) tamb\u00e9m estiveram presentes.<\/p>\n","protected":false},"excerpt":{"rendered":"<p>O governador Jo\u00e3o Azev\u00eado lan\u00e7ar\u00e1 nesta quarta-feira (22), \u00e0s 10h, durante solenidade no Pal\u00e1cio da Reden\u00e7\u00e3o, o novo programa de habita\u00e7\u00e3o popular do estado.&nbsp;Para isso,&hellip; <\/p>\n","protected":false},"author":1,"featured_media":148115,"comment_status":"closed","ping_status":"closed","sticky":false,"template":"","format":"standard","meta":{"sfsi_plus_gutenberg_text_before_share":"","sfsi_plus_gutenberg_show_text_before_share":"","sfsi_plus_gutenberg_icon_type":"","sfsi_plus_gutenberg_icon_alignemt":"","sfsi_plus_gutenburg_max_per_row":"","footnotes":""},"categories":[11],"tags":[],"class_list":["post-148111","post","type-post","status-publish","format-standard","has-post-thumbnail","hentry","category-politica"],"_links":{"self":[{"href":"https:\/\/www.caririemacao.com\/1\/wp-json\/wp\/v2\/posts\/148111","targetHints":{"allow":["GET"]}}],"collection":[{"href":"https:\/\/www.caririemacao.com\/1\/wp-json\/wp\/v2\/posts"}],"about":[{"href":"https:\/\/www.caririemacao.com\/1\/wp-json\/wp\/v2\/types\/post"}],"author":[{"embeddable":true,"href":"https:\/\/www.caririemacao.com\/1\/wp-json\/wp\/v2\/users\/1"}],"replies":[{"embeddable":true,"href":"https:\/\/www.caririemacao.com\/1\/wp-json\/wp\/v2\/comments?post=148111"}],"version-history":[{"count":1,"href":"https:\/\/www.caririemacao.com\/1\/wp-json\/wp\/v2\/posts\/148111\/revisions"}],"predecessor-version":[{"id":148116,"href":"https:\/\/www.caririemacao.com\/1\/wp-json\/wp\/v2\/posts\/148111\/revisions\/148116"}],"wp:featuredmedia":[{"embeddable":true,"href":"https:\/\/www.caririemacao.com\/1\/wp-json\/wp\/v2\/media\/148115"}],"wp:attachment":[{"href":"https:\/\/www.caririemacao.com\/1\/wp-json\/wp\/v2\/media?parent=148111"}],"wp:term":[{"taxonomy":"category","embeddable":true,"href":"https:\/\/www.caririemacao.com\/1\/wp-json\/wp\/v2\/categories?post=148111"},{"taxonomy":"post_tag","embeddable":true,"href":"https:\/\/www.caririemacao.com\/1\/wp-json\/wp\/v2\/tags?post=148111"}],"curies":[{"name":"wp","href":"https:\/\/api.w.org\/{rel}","templated":true}]}}