{"id":148134,"date":"2020-01-22T08:01:02","date_gmt":"2020-01-22T11:01:02","guid":{"rendered":"http:\/\/www.caririemacao.com\/1\/?p=148134"},"modified":"2020-01-22T08:01:02","modified_gmt":"2020-01-22T11:01:02","slug":"guedes-projeta-em-davos-pib-de-25-em-2020-acima-do-numero-oficial-do-governo","status":"publish","type":"post","link":"https:\/\/www.caririemacao.com\/1\/2020\/01\/22\/guedes-projeta-em-davos-pib-de-25-em-2020-acima-do-numero-oficial-do-governo\/","title":{"rendered":"Guedes projeta em Davos PIB de 2,5% em 2020, acima do n\u00famero oficial do governo"},"content":{"rendered":"\n<p>A economia brasileira deve crescer 2,5% em 2020, disse nesta ter\u00e7a-feira (21) o ministro da Economia, Paulo Guedes. A proje\u00e7\u00e3o, afirmada durante painel do F\u00f3rum Econ\u00f4mico Mundial, supera em 0,1 ponto percentual a estimativa, de 2,4%, da equipe econ\u00f4mica do governo para o PIB (Produto Interno Bruto) deste ano. O Banco Central estima crescimento de 2,2%.<\/p>\n\n\n\n<p>Guedes voltou a usar a met\u00e1fora da baleia para explicar a economia do Brasil. A baleia estaria sendo atacada por diversos com arp\u00f5es, que seriam a infla\u00e7\u00e3o alta, juros altos, burocratiza\u00e7\u00e3o e d\u00edvida p\u00fablica. Segundo ele, o governo de Jair Bolsonaro est\u00e1 tirando os arp\u00f5es da baleia pouco a pouco, o que permitiria o PIB do pa\u00eds a crescer 1% no primeiro ano de governo, 2% no segundo, 3% no terceiro e 4% no quarto.<\/p>\n\n\n\n<p>&#8220;J\u00e1 estamos melhores, crescemos 1,2% em 2019 e devemos crescer 2,5% neste ano&#8221;, disse no painel &#8220;Perspectiva Estrat\u00e9gica: Am\u00e9rica Latina&#8221;.<\/p>\n\n\n\n<p>A proje\u00e7\u00e3o de Guedes para 2019 tamb\u00e9m supera a divulgada pelo Minist\u00e9rio da Economia, de 1,12% em 2019.<\/p>\n\n\n\n<p>Ele afirmou que a reforma da Previd\u00eancia foi o primeiro passo em dire\u00e7\u00e3o a diminui\u00e7\u00e3o da d\u00edvida p\u00fablica, o que deve alavancar o PIB. Guedes destacou ainda os protestos a favor das mudan\u00e7as na aposentadoria.<\/p>\n\n\n\n<p>&#8220;Pa\u00edses como a Fran\u00e7a n\u00e3o t\u00eam for\u00e7a pol\u00edtica para fazer a reforma, mas o povo brasileiro foi \u00e0s ruas em nome de seus filhos. [Com a reforma] Eliminamos os privil\u00e9gios dos funcion\u00e1rios p\u00fablicos&#8221;, disse no painel sobre Am\u00e9rica Latina.<\/p>\n\n\n\n<p>O ministro tamb\u00e9m defendeu a PEC (Proposta de Emenda \u00e0 Constitui\u00e7\u00e3o) da Emerg\u00eancia Fiscal como uma vers\u00e3o brasileira do shutdown americano -interrup\u00e7\u00e3o da presta\u00e7\u00e3o de servi\u00e7os p\u00fablicos- , s\u00f3 que, ao inv\u00e9s de n\u00e3o receber, o funcion\u00e1rio p\u00fablico n\u00e3o tem aumento.<\/p>\n\n\n\n<p>&#8220;Num pa\u00eds que cresce 2%, 3%, 2,5% este ano, e tem infla\u00e7\u00e3o de 4%, as receitas crescem 7%, quase 8%. Em dois anos, \u00e9 um pouco menos de 20% em receitas crescendo. Ent\u00e3o se voc\u00ea congela a conta de sal\u00e1rios por um ano e meio, ou dois anos, desaparece [o problema]. A situa\u00e7\u00e3o est\u00e1 controlada&#8221;, disse.<\/p>\n\n\n\n<p>A tramita\u00e7\u00e3o de uma emenda \u00e0 Constitui\u00e7\u00e3o \u00e9 a mais longa do processo legislativo. Apresentada em novembro, a PEC Emergencial est\u00e1 na CCJ (Comiss\u00e3o de Constitui\u00e7\u00e3o e Justi\u00e7a) do Senado.<\/p>\n\n\n\n<p>Guedes tamb\u00e9m mencionou a Lei da Liberdade Econ\u00f4mica, sancionada em setembro, como um dos avan\u00e7os do governo. &#8220;Nos Estados Unidos, tudo \u00e9 permitido, menos o que \u00e9 proibido. No Brasil, todo \u00e9 proibido, menos o que \u00e9 permitido. E \u00e9 desse jeito que a corrup\u00e7\u00e3o se espalha, quanto maior o n\u00edvel de controle do governo dos recursos, maior a corrup\u00e7\u00e3o. O poder corrompe, ent\u00e3o descentralizar os recursos e o poder pol\u00edtico est\u00e1 na agenda&#8221;.<\/p>\n\n\n\n<p>Quando perguntado sobre a matriz energ\u00e9tica, Guedes disse que o Brasil precisa de g\u00e1s natural, como ponto de equil\u00edbrio.<\/p>\n\n\n\n<p>&#8220;Precisamos do g\u00e1s natural, porque ele fica no meio caminho entre a [energia] suja, o petr\u00f3leo, e a limpa, as hidrel\u00e9tricas. Quebramos dois monop\u00f3lios na explora\u00e7\u00e3o e distribui\u00e7\u00e3o de g\u00e1s e achamos que vamos reduzir em 40% o custo da energia no Brasil&#8221;.<\/p>\n\n\n\n<p>Em abril, a Petrobras vendeu 90% da TAG (Transportadora Associada de G\u00e1s, rede de gasodutos do Norte e Nordeste) \u00e0 francesa Engie e \u00e0 canadense Caisse de d\u00e9p\u00f4t et placement du Qu\u00e9bec, por R$ 33,5 bilh\u00f5es, e, neste ano, deu in\u00edcio ao processo para vender os 10% restantes.<\/p>\n\n\n\n<p>Em novembro, a petroleira vendeu a distribuidora de g\u00e1s de cozinha Liquig\u00e1s para cons\u00f3rcio liderado pela Copagaz por R$ 3,7 bilh\u00f5es.<\/p>\n\n\n\n<p>Segundo acordos fechados entre a Petrobras e o Cade, a estatal deve se retirar do mercado de transporte e distribui\u00e7\u00e3o de g\u00e1s at\u00e9 2021.<\/p>\n\n\n\n<p>&#8220;Vamos tentar nos conectar a Vaca Muerta [uma das maiores reservas de g\u00e1s de xisto do mundo, na Patag\u00f4nia], estamos trazendo g\u00e1s natural e petr\u00f3leo da Bol\u00edvia e vamos extrair do pr\u00e9-sal tamb\u00e9m. Com isso, podemos reindustrializar o pa\u00eds&#8221;, disse Guedes.<br>No momento, a capacidade de escoamento do g\u00e1s natural \u00e9 um dos principais obst\u00e1culos para a amplia\u00e7\u00e3o da oferta da produ\u00e7\u00e3o do pr\u00e9-sal.<\/p>\n\n\n\n<p>Em rela\u00e7\u00e3o \u00e0 desigualdade no Brasil, Guedes culpou a desigualdade de oportunidade, especialmente na educa\u00e7\u00e3o, e a falta de competi\u00e7\u00e3o.<\/p>\n\n\n\n<p>&#8220;Temos 3,7 bilh\u00f5es de euroasianos saindo da pobreza explorando a competi\u00e7\u00e3o de mercado. No Brasil, voc\u00ea precisa adquirir servi\u00e7os de constru\u00e7\u00e3o civil de seis empresas e servi\u00e7os banc\u00e1rios de seis bancos porque n\u00f3s n\u00e3o gostamos de capitalismo, odiamos competi\u00e7\u00e3o&#8221;, disse ironicamente.<\/p>\n\n\n\n<p>&#8220;Precisamos investir em educa\u00e7\u00e3o, o quanto mais cedo, melhor. Ent\u00e3o estaremos disponibilizando vouchers para as crian\u00e7as nos est\u00e1gios iniciais. Crian\u00e7as pobres n\u00e3o t\u00eam educa\u00e7\u00e3o, nem emprego, n\u00e3o falam ingl\u00eas&#8221;, afirmou o ministro, sem dar mais detalhes.<\/p>\n\n\n\n<p>Tamb\u00e9m participaram do painel Guillermo Nielsen, presidente da estatal petroleira argentina YPF, Angel Gurr\u00eda, secret\u00e1rio-geral da OCDE (Organiza\u00e7\u00e3o para Coopera\u00e7\u00e3o e Desenvolvimento Econ\u00f4mico) e Graciela M\u00e1rquez Col\u00edn, ministra da Economia do M\u00e9xico, com media\u00e7\u00e3o de Al\u00edcia B\u00e1rcena Ibarra, secret\u00e1ria-executiva da Celac (Comiss\u00e3o Econ\u00f4micas das Na\u00e7\u00f5es Unidas para Am\u00e9rica Latina e Caribe).<\/p>\n","protected":false},"excerpt":{"rendered":"<p>A economia brasileira deve crescer 2,5% em 2020, disse nesta ter\u00e7a-feira (21) o ministro da Economia, Paulo Guedes. A proje\u00e7\u00e3o, afirmada durante painel do F\u00f3rum&hellip; <\/p>\n","protected":false},"author":1,"featured_media":148135,"comment_status":"closed","ping_status":"closed","sticky":false,"template":"","format":"standard","meta":{"sfsi_plus_gutenberg_text_before_share":"","sfsi_plus_gutenberg_show_text_before_share":"","sfsi_plus_gutenberg_icon_type":"","sfsi_plus_gutenberg_icon_alignemt":"","sfsi_plus_gutenburg_max_per_row":"","footnotes":""},"categories":[50,11],"tags":[],"class_list":["post-148134","post","type-post","status-publish","format-standard","has-post-thumbnail","hentry","category-destaque","category-politica"],"_links":{"self":[{"href":"https:\/\/www.caririemacao.com\/1\/wp-json\/wp\/v2\/posts\/148134","targetHints":{"allow":["GET"]}}],"collection":[{"href":"https:\/\/www.caririemacao.com\/1\/wp-json\/wp\/v2\/posts"}],"about":[{"href":"https:\/\/www.caririemacao.com\/1\/wp-json\/wp\/v2\/types\/post"}],"author":[{"embeddable":true,"href":"https:\/\/www.caririemacao.com\/1\/wp-json\/wp\/v2\/users\/1"}],"replies":[{"embeddable":true,"href":"https:\/\/www.caririemacao.com\/1\/wp-json\/wp\/v2\/comments?post=148134"}],"version-history":[{"count":1,"href":"https:\/\/www.caririemacao.com\/1\/wp-json\/wp\/v2\/posts\/148134\/revisions"}],"predecessor-version":[{"id":148136,"href":"https:\/\/www.caririemacao.com\/1\/wp-json\/wp\/v2\/posts\/148134\/revisions\/148136"}],"wp:featuredmedia":[{"embeddable":true,"href":"https:\/\/www.caririemacao.com\/1\/wp-json\/wp\/v2\/media\/148135"}],"wp:attachment":[{"href":"https:\/\/www.caririemacao.com\/1\/wp-json\/wp\/v2\/media?parent=148134"}],"wp:term":[{"taxonomy":"category","embeddable":true,"href":"https:\/\/www.caririemacao.com\/1\/wp-json\/wp\/v2\/categories?post=148134"},{"taxonomy":"post_tag","embeddable":true,"href":"https:\/\/www.caririemacao.com\/1\/wp-json\/wp\/v2\/tags?post=148134"}],"curies":[{"name":"wp","href":"https:\/\/api.w.org\/{rel}","templated":true}]}}