{"id":148139,"date":"2020-01-22T08:04:19","date_gmt":"2020-01-22T11:04:19","guid":{"rendered":"http:\/\/www.caririemacao.com\/1\/?p=148139"},"modified":"2020-01-22T08:07:24","modified_gmt":"2020-01-22T11:07:24","slug":"joao-azevedo-reafirma-o-compromisso-de-construir-estrada-que-ligara-sao-jose-dos-cordeiros-a-livramento","status":"publish","type":"post","link":"https:\/\/www.caririemacao.com\/1\/2020\/01\/22\/joao-azevedo-reafirma-o-compromisso-de-construir-estrada-que-ligara-sao-jose-dos-cordeiros-a-livramento\/","title":{"rendered":"Jo\u00e3o Azevedo reafirma o compromisso de construir estrada que ligar\u00e1 S\u00e3o Jos\u00e9 dos Cordeiros a Livramento"},"content":{"rendered":"\n<div class=\"wp-block-image\"><figure class=\"aligncenter\"><img decoding=\"async\" data-src=\"http:\/\/deolhonocariri.com.br\/wp-content\/uploads\/2019\/03\/joao-fala-governador-foto-jose-marques-7-e1548705836144.jpg\" alt=\"\" class=\"wp-image-64512 lazyload\" src=\"data:image\/svg+xml;base64,PHN2ZyB3aWR0aD0iMSIgaGVpZ2h0PSIxIiB4bWxucz0iaHR0cDovL3d3dy53My5vcmcvMjAwMC9zdmciPjwvc3ZnPg==\" \/><\/figure><\/div>\n\n\n\n<p>Durante participa\u00e7\u00e3o no programa \u2018Fala Governador\u2019 desta segunda-feira(20), o Governador Jo\u00e3o Azev\u00eado, sem partido, confirmou que vai mesmo construir a liga\u00e7\u00e3o asf\u00e1ltica entre os munic\u00edpios de S\u00e3o Jos\u00e9 dos Cordeiros \u00e0 Livramento, no Cariri paraibano.<\/p>\n\n\n\n<p>De acordo com o governador, a ordem de servi\u00e7o da estrada ser\u00e1 autorizada ap\u00f3s a conclus\u00e3o da rodovia que liga Santo Andr\u00e9 \u00e0 Juazeirinho, que em momento se encontra em fase avan\u00e7ada de constru\u00e7\u00e3o.<\/p>\n\n\n\n<p>Em curtas palavras, Jo\u00e3o Azev\u00eado garantiu que a estrada ser\u00e1 constru\u00edda. \u201cLivramento \u00e0 S\u00e3o Jos\u00e9 dos Cordeiros essa estrada ser\u00e1 feita! A estrada est\u00e1 dentro da nossa programa\u00e7\u00e3o e logo que concluirmos a estrada que liga Santo Andr\u00e9 at\u00e9 Juazeirinho, espero logo ap\u00f3s, dar a ordem de servi\u00e7o da estrada que liga S\u00e3o Jos\u00e9 dos Cordeiros \u00e0 Livramento. Nosso programa de estradas vem com grande intuito de interligar regi\u00f5es. A estrada vai ser feita sim e estamos trabalhando para isso\u201d, disse o governador.<\/p>\n\n\n\n<p><strong>De Olho no Cariri<\/strong><\/p>\n","protected":false},"excerpt":{"rendered":"<p>Durante participa\u00e7\u00e3o no programa \u2018Fala Governador\u2019 desta segunda-feira(20), o Governador Jo\u00e3o Azev\u00eado, sem partido, confirmou que vai mesmo construir a liga\u00e7\u00e3o asf\u00e1ltica entre os munic\u00edpios&hellip; <\/p>\n","protected":false},"author":1,"featured_media":147287,"comment_status":"closed","ping_status":"closed","sticky":false,"template":"","format":"standard","meta":{"sfsi_plus_gutenberg_text_before_share":"","sfsi_plus_gutenberg_show_text_before_share":"","sfsi_plus_gutenberg_icon_type":"","sfsi_plus_gutenberg_icon_alignemt":"","sfsi_plus_gutenburg_max_per_row":"","footnotes":""},"categories":[50,11],"tags":[],"class_list":["post-148139","post","type-post","status-publish","format-standard","has-post-thumbnail","hentry","category-destaque","category-politica"],"_links":{"self":[{"href":"https:\/\/www.caririemacao.com\/1\/wp-json\/wp\/v2\/posts\/148139","targetHints":{"allow":["GET"]}}],"collection":[{"href":"https:\/\/www.caririemacao.com\/1\/wp-json\/wp\/v2\/posts"}],"about":[{"href":"https:\/\/www.caririemacao.com\/1\/wp-json\/wp\/v2\/types\/post"}],"author":[{"embeddable":true,"href":"https:\/\/www.caririemacao.com\/1\/wp-json\/wp\/v2\/users\/1"}],"replies":[{"embeddable":true,"href":"https:\/\/www.caririemacao.com\/1\/wp-json\/wp\/v2\/comments?post=148139"}],"version-history":[{"count":2,"href":"https:\/\/www.caririemacao.com\/1\/wp-json\/wp\/v2\/posts\/148139\/revisions"}],"predecessor-version":[{"id":148148,"href":"https:\/\/www.caririemacao.com\/1\/wp-json\/wp\/v2\/posts\/148139\/revisions\/148148"}],"wp:featuredmedia":[{"embeddable":true,"href":"https:\/\/www.caririemacao.com\/1\/wp-json\/wp\/v2\/media\/147287"}],"wp:attachment":[{"href":"https:\/\/www.caririemacao.com\/1\/wp-json\/wp\/v2\/media?parent=148139"}],"wp:term":[{"taxonomy":"category","embeddable":true,"href":"https:\/\/www.caririemacao.com\/1\/wp-json\/wp\/v2\/categories?post=148139"},{"taxonomy":"post_tag","embeddable":true,"href":"https:\/\/www.caririemacao.com\/1\/wp-json\/wp\/v2\/tags?post=148139"}],"curies":[{"name":"wp","href":"https:\/\/api.w.org\/{rel}","templated":true}]}}