{"id":148142,"date":"2020-01-22T08:05:34","date_gmt":"2020-01-22T11:05:34","guid":{"rendered":"http:\/\/www.caririemacao.com\/1\/?p=148142"},"modified":"2020-01-22T08:05:34","modified_gmt":"2020-01-22T11:05:34","slug":"em-monteiro-prefeitura-emite-nota-a-respeito-de-familia-que-teve-casa-alagada","status":"publish","type":"post","link":"https:\/\/www.caririemacao.com\/1\/2020\/01\/22\/em-monteiro-prefeitura-emite-nota-a-respeito-de-familia-que-teve-casa-alagada\/","title":{"rendered":"EM MONTEIRO: Prefeitura emite nota a respeito de fam\u00edlia que teve casa alagada"},"content":{"rendered":"\n<p>A Prefeitura do Munic\u00edpio de Monteiro vem a p\u00fablico se manifestar a respeito de not\u00edcias veiculadas de forma distorcidas propositalmente por quest\u00f5es pol\u00edticas, a respeito da fam\u00edlia que teve a casa alagada na noite desta segunda-feira, 20, em virtude das chuvas ca\u00eddas na cidade.<\/p>\n\n\n\n<p>Neste sentido, a prefeita Anna Lorena, juntamente com a secret\u00e1ria de Desenvolvimento Social, Rosa Aleixo, j\u00e1 vem prestando aux\u00edlio assistencial a fam\u00edlia que h\u00e1 v\u00e1rios anos vem enfrentando o problema, a exemplo da inclus\u00e3o dos mesmos em programas sociais municipais como a Cesta Social.<\/p>\n\n\n\n<p>De acordo com a documenta\u00e7\u00e3o do Prontu\u00e1rio do SUAS \u2013 Sistema \u00danico de Assist\u00eancia Social, a moradora da Rua Agnaldo Mendes de Lima fez uso durante o ano de 2019 do benef\u00edcio do Aluguel Social, proporcionado pela Prefeitura de Monteiro.<\/p>\n\n\n\n<p>Ainda conforme consta do prontu\u00e1rio, a pr\u00f3pria moradora decidiu retornar para sua antiga resid\u00eancia por motivos pessoais. Na oportunidade a referida Secretaria de Desenvolvimento Social prestou toda a assist\u00eancia necess\u00e1ria \u00e0 fam\u00edlia, tanto no sentido de moradia quanto nas quest\u00f5es relacionadas \u00e0 sa\u00fade e documenta\u00e7\u00f5es, acompanhamento escolar e psicol\u00f3gico para as crian\u00e7as.<\/p>\n\n\n\n<p>Na tarde desta ter\u00e7a-feira, 21, a prefeita Anna Lorena, ao lado da secret\u00e1ria Rosa Aleixo e do Conselheiro Tutelar Lucas Marques, estiveram reunidos com a chefe da fam\u00edlia chegando a um acordo para solucionar o problema.<\/p>\n\n\n\n<p>Dadas as circunst\u00e2ncias, a moradora receber\u00e1 novamente o aluguel social e toda assist\u00eancia necess\u00e1ria at\u00e9 que a Prefeitura de Monteiro realize os reparos necess\u00e1rios para que o im\u00f3vel n\u00e3o seja afetado no per\u00edodo chuvoso.<\/p>\n\n\n\n<p>\u201cTemos ci\u00eancia das circunst\u00e2ncias que acometeram a moradora, tendo em vista que a constru\u00e7\u00e3o est\u00e1 em terreno irregular onde existe uma passagem de \u00e1gua. Prestamos toda assist\u00eancia necess\u00e1ria no ano passado e pela pr\u00f3pria vontade, a mesma retornou ao im\u00f3vel ap\u00f3s o per\u00edodo de chuvas. Enfim, trabalhamos diariamente para garantir uma Monteiro cada vez melhor para todos os mun\u00edcipes e novamente ser\u00e1 feito\u201d, pontua a gestora Anna Lorena.<\/p>\n","protected":false},"excerpt":{"rendered":"<p>A Prefeitura do Munic\u00edpio de Monteiro vem a p\u00fablico se manifestar a respeito de not\u00edcias veiculadas de forma distorcidas propositalmente por quest\u00f5es pol\u00edticas, a respeito&hellip; <\/p>\n","protected":false},"author":1,"featured_media":148143,"comment_status":"closed","ping_status":"closed","sticky":false,"template":"","format":"standard","meta":{"sfsi_plus_gutenberg_text_before_share":"","sfsi_plus_gutenberg_show_text_before_share":"","sfsi_plus_gutenberg_icon_type":"","sfsi_plus_gutenberg_icon_alignemt":"","sfsi_plus_gutenburg_max_per_row":"","footnotes":""},"categories":[50,2],"tags":[],"class_list":["post-148142","post","type-post","status-publish","format-standard","has-post-thumbnail","hentry","category-destaque","category-geral"],"_links":{"self":[{"href":"https:\/\/www.caririemacao.com\/1\/wp-json\/wp\/v2\/posts\/148142","targetHints":{"allow":["GET"]}}],"collection":[{"href":"https:\/\/www.caririemacao.com\/1\/wp-json\/wp\/v2\/posts"}],"about":[{"href":"https:\/\/www.caririemacao.com\/1\/wp-json\/wp\/v2\/types\/post"}],"author":[{"embeddable":true,"href":"https:\/\/www.caririemacao.com\/1\/wp-json\/wp\/v2\/users\/1"}],"replies":[{"embeddable":true,"href":"https:\/\/www.caririemacao.com\/1\/wp-json\/wp\/v2\/comments?post=148142"}],"version-history":[{"count":1,"href":"https:\/\/www.caririemacao.com\/1\/wp-json\/wp\/v2\/posts\/148142\/revisions"}],"predecessor-version":[{"id":148144,"href":"https:\/\/www.caririemacao.com\/1\/wp-json\/wp\/v2\/posts\/148142\/revisions\/148144"}],"wp:featuredmedia":[{"embeddable":true,"href":"https:\/\/www.caririemacao.com\/1\/wp-json\/wp\/v2\/media\/148143"}],"wp:attachment":[{"href":"https:\/\/www.caririemacao.com\/1\/wp-json\/wp\/v2\/media?parent=148142"}],"wp:term":[{"taxonomy":"category","embeddable":true,"href":"https:\/\/www.caririemacao.com\/1\/wp-json\/wp\/v2\/categories?post=148142"},{"taxonomy":"post_tag","embeddable":true,"href":"https:\/\/www.caririemacao.com\/1\/wp-json\/wp\/v2\/tags?post=148142"}],"curies":[{"name":"wp","href":"https:\/\/api.w.org\/{rel}","templated":true}]}}