{"id":148155,"date":"2020-01-22T10:00:55","date_gmt":"2020-01-22T13:00:55","guid":{"rendered":"http:\/\/www.caririemacao.com\/1\/?p=148155"},"modified":"2020-01-22T10:00:55","modified_gmt":"2020-01-22T13:00:55","slug":"juiz-de-garantias-tjpb-atribui-aos-juizes-plantonistas-a-realizacao-das-audiencias-de-custodia","status":"publish","type":"post","link":"https:\/\/www.caririemacao.com\/1\/2020\/01\/22\/juiz-de-garantias-tjpb-atribui-aos-juizes-plantonistas-a-realizacao-das-audiencias-de-custodia\/","title":{"rendered":"Juiz de garantias: TJPB atribui aos ju\u00edzes plantonistas a realiza\u00e7\u00e3o das audi\u00eancias de cust\u00f3dia"},"content":{"rendered":"\n<p>Os ju\u00edzes plantonistas de todo o Estado ter\u00e3o a atribui\u00e7\u00e3o de realizar, tamb\u00e9m, as audi\u00eancias de cust\u00f3dia daquela regi\u00e3o espec\u00edfica, conforme os grupos de comarcas. A medida foi disciplinada por meio da Resolu\u00e7\u00e3o n\u00ba 001\/2020, assinada nesta ter\u00e7a-feira (21) pelo presidente do Tribunal de Justi\u00e7a da Para\u00edba, desembargador M\u00e1rcio Murilo da Cunha Ramos. O documento ser\u00e1 apresentado ao Pleno nesta quarta-feira (22) para entrar em vigor na quinta-feira (23).<\/p>\n\n\n\n<p>De acordo com o magistrado Rodrigo Marques, a Lei n\u00ba 13.964\/2019 (\u201cLei Anticrime\u201d), que instituiu o Juiz das Garantias \u2013 respons\u00e1vel por acompanhar os inqu\u00e9ritos at\u00e9 o recebimento da den\u00fancia, ao passo em que outro magistrado atuar\u00e1 na fase de instru\u00e7\u00e3o e julgamento \u2013 trouxe, tamb\u00e9m, a necessidade de realiza\u00e7\u00e3o de audi\u00eancias de cust\u00f3dia por todos os ju\u00edzes de direito do pa\u00eds, num prazo de 24 horas. A legisla\u00e7\u00e3o entra em vigor nesta quinta-feira (23), com exce\u00e7\u00e3o da implanta\u00e7\u00e3o do Juiz das Garantias, cujo prazo foi prorrogado para 180 dias, pelo ministro Dias Toffoli.<\/p>\n\n\n\n<p>O magistrado explicou que, agora, quando n\u00e3o realizada a audi\u00eancia de cust\u00f3dia nas 24 horas, obrigatoriamente, haver\u00e1 o relaxamento da pris\u00e3o, bem como a responsabiliza\u00e7\u00e3o da autoridade que deu causa a n\u00e3o realiza\u00e7\u00e3o da cust\u00f3dia.<\/p>\n\n\n\n<p>No caso da Para\u00edba, as audi\u00eancias de cust\u00f3dia vinham sendo realizadas diariamente em Jo\u00e3o Pessoa, contemplando toda a Regi\u00e3o Metropolitana nos finais de semana (concentradas no F\u00f3rum Criminal da Capital) e na regi\u00e3o de Campina Grande (no F\u00f3rum Affonso Campos). Nas outras localidades, elas n\u00e3o ocorriam nos finais de semana e, por isso, foi necess\u00e1rio pensar um novo modelo de atua\u00e7\u00e3o.<\/p>\n\n\n\n<p>\u201cDeliberamos por aproveitar os plant\u00f5es que j\u00e1 foram sorteados em dezembro do ano passado para o 1\u00ba semestre de 2020. Esses ju\u00edzes plantonistas das oito regi\u00f5es objeto do plant\u00e3o realizar\u00e3o, tamb\u00e9m, as audi\u00eancias de cust\u00f3dia naquela \u00e1rea, evitando, assim, outros sorteios e escalas\u201d, disse Rodrigo.<\/p>\n\n\n\n<p>O magistrado acrescentou que a medida j\u00e1 recebeu o apoio do Minist\u00e9rio P\u00fablico e da Defensoria P\u00fablica, que manter\u00e3o plantonistas nas localidades do Plant\u00e3o Judici\u00e1rio. Haver\u00e1 total publicidade da escala dos plant\u00f5es para os \u00f3rg\u00e3os envolvidos. \u201cH\u00e1 uma s\u00e9rie de implica\u00e7\u00f5es operacionais, at\u00e9 porque os plant\u00f5es n\u00e3o envolvem, t\u00e3o somente, ju\u00edzes mas, promotores, defensores p\u00fablicos, pol\u00edcias \u2013 institui\u00e7\u00f5es que precisam estabelecer suas log\u00edsticas\u201d, refletiu.<\/p>\n\n\n\n<p>Ainda segundo o juiz, a medida tem car\u00e1ter tempor\u00e1rio para observa\u00e7\u00e3o das dificuldades e vantagens ao longo do processo. \u201cEstaremos atentos ao aprimoramento desta iniciativa, mas, neste momento, a ideia \u00e9 que possamos cumprir a legisla\u00e7\u00e3o, mesmo que num curto espa\u00e7o de tempo, sem impactar o que j\u00e1 havia sido programado para execu\u00e7\u00e3o dos plant\u00f5es judici\u00e1rios, facilitando, assim, o trabalho dos \u00f3rg\u00e3os envolvidos\u201d, asseverou.<\/p>\n\n\n\n<p>Para o presidente da Associa\u00e7\u00e3o dos Magistrados da Para\u00edba (AMPB), juiz Max Nunes, esta foi a solu\u00e7\u00e3o emergencial que melhor se adequou \u00e0 realidade do Judici\u00e1rio paraibano. \u201cTemos unidades sem juiz titular, o que, na pr\u00e1tica, inviabilizaria a realiza\u00e7\u00e3o da cust\u00f3dia em 24 horas. Essa solu\u00e7\u00e3o n\u00e3o \u00e9 definitiva e continuaremos estudando meios para a implanta\u00e7\u00e3o do Juiz das Garantias da melhor forma\u201d, pontuou.<\/p>\n","protected":false},"excerpt":{"rendered":"<p>Os ju\u00edzes plantonistas de todo o Estado ter\u00e3o a atribui\u00e7\u00e3o de realizar, tamb\u00e9m, as audi\u00eancias de cust\u00f3dia daquela regi\u00e3o espec\u00edfica, conforme os grupos de comarcas.&hellip; <\/p>\n","protected":false},"author":1,"featured_media":148157,"comment_status":"closed","ping_status":"closed","sticky":false,"template":"","format":"standard","meta":{"sfsi_plus_gutenberg_text_before_share":"","sfsi_plus_gutenberg_show_text_before_share":"","sfsi_plus_gutenberg_icon_type":"","sfsi_plus_gutenberg_icon_alignemt":"","sfsi_plus_gutenburg_max_per_row":"","footnotes":""},"categories":[2],"tags":[],"class_list":["post-148155","post","type-post","status-publish","format-standard","has-post-thumbnail","hentry","category-geral"],"_links":{"self":[{"href":"https:\/\/www.caririemacao.com\/1\/wp-json\/wp\/v2\/posts\/148155","targetHints":{"allow":["GET"]}}],"collection":[{"href":"https:\/\/www.caririemacao.com\/1\/wp-json\/wp\/v2\/posts"}],"about":[{"href":"https:\/\/www.caririemacao.com\/1\/wp-json\/wp\/v2\/types\/post"}],"author":[{"embeddable":true,"href":"https:\/\/www.caririemacao.com\/1\/wp-json\/wp\/v2\/users\/1"}],"replies":[{"embeddable":true,"href":"https:\/\/www.caririemacao.com\/1\/wp-json\/wp\/v2\/comments?post=148155"}],"version-history":[{"count":1,"href":"https:\/\/www.caririemacao.com\/1\/wp-json\/wp\/v2\/posts\/148155\/revisions"}],"predecessor-version":[{"id":148158,"href":"https:\/\/www.caririemacao.com\/1\/wp-json\/wp\/v2\/posts\/148155\/revisions\/148158"}],"wp:featuredmedia":[{"embeddable":true,"href":"https:\/\/www.caririemacao.com\/1\/wp-json\/wp\/v2\/media\/148157"}],"wp:attachment":[{"href":"https:\/\/www.caririemacao.com\/1\/wp-json\/wp\/v2\/media?parent=148155"}],"wp:term":[{"taxonomy":"category","embeddable":true,"href":"https:\/\/www.caririemacao.com\/1\/wp-json\/wp\/v2\/categories?post=148155"},{"taxonomy":"post_tag","embeddable":true,"href":"https:\/\/www.caririemacao.com\/1\/wp-json\/wp\/v2\/tags?post=148155"}],"curies":[{"name":"wp","href":"https:\/\/api.w.org\/{rel}","templated":true}]}}