{"id":148169,"date":"2020-01-22T10:09:15","date_gmt":"2020-01-22T13:09:15","guid":{"rendered":"http:\/\/www.caririemacao.com\/1\/?p=148169"},"modified":"2020-01-22T10:09:15","modified_gmt":"2020-01-22T13:09:15","slug":"policia-desarticula-desmanche-de-veiculos-roubados-na-regiao-do-cariri","status":"publish","type":"post","link":"https:\/\/www.caririemacao.com\/1\/2020\/01\/22\/policia-desarticula-desmanche-de-veiculos-roubados-na-regiao-do-cariri\/","title":{"rendered":"Pol\u00edcia desarticula desmanche de ve\u00edculos roubados na regi\u00e3o do Cariri"},"content":{"rendered":"\n<p>Pol\u00edcia Civil da Para\u00edba, por meio da 11\u00aa Delegacia Seccional de Queimadas, num trabalho investigativo dos policiais da cidade de Alcantil e de Barra de Santana, na manh\u00e3 desta quarta-feira (22), desarticularam um desmanche de carros roubados no s\u00edtio Logradouro, zona rural do munic\u00edpio de Alcantil.<\/p>\n\n\n\n<p>De acordo com o delegado seccional de Queimadas, Danilo Orengo, durante a a\u00e7\u00e3o que se deu a partir de investiga\u00e7\u00f5es de poss\u00edveis assaltos realizados na BR -104, ligando o munic\u00edpio de Campina Grande e Caruaru\/PE, foram recuperados quatro ve\u00edculos e um acampamento que servia de ponto base onde a organiza\u00e7\u00e3o, consequentemente, negociava os desmontes dos carros e as vendas das pe\u00e7as que eram realizadas em outras cidades e Estados vizinhos.<\/p>\n\n\n\n<p>Com a chegada da equipe policial, os suspeitos conseguiram se evadir do local, no entanto, as autoridades est\u00e3o trabalhando para localizarem e prender os autores do crime, n\u00e3o descartando a participa\u00e7\u00e3o de envolvidos do Estado de Pernambuco.<br>A Pol\u00edcia est\u00e1 trabalhando para identificar todos os ve\u00edculos recuperados e acionar os seus propriet\u00e1rios para devolv\u00ea-los. Uma das v\u00edtimas de assalto, que recentemente teve seu carro roubado na cidade de Campina Grande, foi at\u00e9 o local e reconheceu seu ve\u00edculo, inclusive, colaborou com a Pol\u00edcia, informando que estava sendo procurado atrav\u00e9s de telefonemas por uma pessoa que tentava negociar, solicitando valores, para devolu\u00e7\u00e3o do seu carro. &nbsp;A v\u00edtima foi encaminhada para a delegacia de Alcantil para os devidos procedimentos e receber seu ve\u00edculo de volta.<\/p>\n\n\n\n<p>A Delegacia Seccional, por meio o delegado Danilo Orengo, solicita que a popula\u00e7\u00e3o da regi\u00e3o colabore com as investiga\u00e7\u00f5es ligando para o telefone 197 \u2013 Disque Den\u00fancia da Secretaria de Seguran\u00e7a e da Defesa Social, pois o sigilo \u00e9 absoluto e a liga\u00e7\u00e3o \u00e9 gratuita, e ainda todos estar\u00e3o colaborando com a diminui\u00e7\u00e3o de crimes na regi\u00e3o. \u201cCom essa a\u00e7\u00e3o, \u00e9 not\u00f3rio, cada vez mais, o empenho da Pol\u00edcia paraibana ao combate dos crimes patrimoniais na regi\u00e3o de Queimadas\u201d, ressaltou o delegado Danilo Orengo.<\/p>\n\n\n\n<p><em>Para\u00edba Debate<\/em><\/p>\n","protected":false},"excerpt":{"rendered":"<p>Pol\u00edcia Civil da Para\u00edba, por meio da 11\u00aa Delegacia Seccional de Queimadas, num trabalho investigativo dos policiais da cidade de Alcantil e de Barra de&hellip; <\/p>\n","protected":false},"author":1,"featured_media":105260,"comment_status":"closed","ping_status":"closed","sticky":false,"template":"","format":"standard","meta":{"sfsi_plus_gutenberg_text_before_share":"","sfsi_plus_gutenberg_show_text_before_share":"","sfsi_plus_gutenberg_icon_type":"","sfsi_plus_gutenberg_icon_alignemt":"","sfsi_plus_gutenburg_max_per_row":"","footnotes":""},"categories":[12],"tags":[],"class_list":["post-148169","post","type-post","status-publish","format-standard","has-post-thumbnail","hentry","category-policia"],"_links":{"self":[{"href":"https:\/\/www.caririemacao.com\/1\/wp-json\/wp\/v2\/posts\/148169","targetHints":{"allow":["GET"]}}],"collection":[{"href":"https:\/\/www.caririemacao.com\/1\/wp-json\/wp\/v2\/posts"}],"about":[{"href":"https:\/\/www.caririemacao.com\/1\/wp-json\/wp\/v2\/types\/post"}],"author":[{"embeddable":true,"href":"https:\/\/www.caririemacao.com\/1\/wp-json\/wp\/v2\/users\/1"}],"replies":[{"embeddable":true,"href":"https:\/\/www.caririemacao.com\/1\/wp-json\/wp\/v2\/comments?post=148169"}],"version-history":[{"count":1,"href":"https:\/\/www.caririemacao.com\/1\/wp-json\/wp\/v2\/posts\/148169\/revisions"}],"predecessor-version":[{"id":148174,"href":"https:\/\/www.caririemacao.com\/1\/wp-json\/wp\/v2\/posts\/148169\/revisions\/148174"}],"wp:featuredmedia":[{"embeddable":true,"href":"https:\/\/www.caririemacao.com\/1\/wp-json\/wp\/v2\/media\/105260"}],"wp:attachment":[{"href":"https:\/\/www.caririemacao.com\/1\/wp-json\/wp\/v2\/media?parent=148169"}],"wp:term":[{"taxonomy":"category","embeddable":true,"href":"https:\/\/www.caririemacao.com\/1\/wp-json\/wp\/v2\/categories?post=148169"},{"taxonomy":"post_tag","embeddable":true,"href":"https:\/\/www.caririemacao.com\/1\/wp-json\/wp\/v2\/tags?post=148169"}],"curies":[{"name":"wp","href":"https:\/\/api.w.org\/{rel}","templated":true}]}}