{"id":148176,"date":"2020-01-22T10:12:39","date_gmt":"2020-01-22T13:12:39","guid":{"rendered":"http:\/\/www.caririemacao.com\/1\/?p=148176"},"modified":"2020-01-22T11:42:32","modified_gmt":"2020-01-22T14:42:32","slug":"maioria-das-cidades-do-cariri-recebem-alerta-de-chuvas-do-inmet-apos-fortes-chuvas-caidas-em-parte-do-estado-confira-a-lista","status":"publish","type":"post","link":"https:\/\/www.caririemacao.com\/1\/2020\/01\/22\/maioria-das-cidades-do-cariri-recebem-alerta-de-chuvas-do-inmet-apos-fortes-chuvas-caidas-em-parte-do-estado-confira-a-lista\/","title":{"rendered":"Maioria das cidades do Cariri recebem alerta de chuvas do Inmet, ap\u00f3s fortes chuvas ca\u00eddas em parte do estado; confira a lista"},"content":{"rendered":"\n<p>O Instituto Nacional de Meteorologia (Inmet) emitiu um alerta \u00e0s 16h desta ter\u00e7a-feira (21) para chuvas intensas em grande parte do estado da Para\u00edba. Ao todo, 182 cidades paraibanas est\u00e3o inclu\u00eddas no alerta amarelo do Instituto, que \u00e9 v\u00e1lido at\u00e9 as 9h desta quarta-feira (22).<\/p>\n\n\n\n<p>De acordo com o alerta, est\u00e3o previstas chuvas entre 20 e 30 mm por hora ou at\u00e9 mesmo de 50 mm por dia, al\u00e9m de ventos intensos que poder\u00e3o chegar a at\u00e9 60 km\/h. Tamb\u00e9m h\u00e1 baixo risco de corte de energia el\u00e9trica, queda de galhos de \u00e1rvores, alagamentos e descargas el\u00e9tricas.<\/p>\n\n\n\n<p>As instru\u00e7\u00f5es do \u00f3rg\u00e3o s\u00e3o para que as pessoas evitem usar aparelhos eletr\u00f4nicos ligados \u00e0 tomada. Em caso de rajadas de vento n\u00e3o \u00e9 recomendado se abrigar debaixo de \u00e1rvores, pois h\u00e1 leve risco de queda e descargas el\u00e9tricas e n\u00e3o estacionar ve\u00edculos pr\u00f3ximos a torres de transmiss\u00e3o e placas de propaganda.<\/p>\n\n\n\n<p>Na tarde desta ter\u00e7a-feira (21) v\u00e1rias ruas de Campina Grande ficaram alagadas e tiveram o tr\u00e2nsito prejudicado devido \u00e0 forte chuva que atingiu a cidade. Em outras cidades do interior da Para\u00edba tamb\u00e9m h\u00e1 registro de chuvas intensas. A previs\u00e3o da Ag\u00eancia Executiva de Gest\u00e3o das \u00c1guas (Aesa) \u00e9 de mais chuva nas regi\u00f5es do Agreste, Cariri e Sert\u00e3o.<\/p>\n\n\n\n<p><strong>Confira as cidades inclu\u00eddas no alerta do Inmet<\/strong><\/p>\n\n\n\n<ul class=\"wp-block-list\"><li>Aguiar<\/li><li>Alagoa Grande<\/li><li>Alagoa Nova<\/li><li>Alagoinha<\/li><li><strong>Alcantil<\/strong><\/li><li>Algod\u00e3o De Janda\u00edra<\/li><li><strong>Amparo<\/strong><\/li><li>Aparecida<\/li><li>Arara<\/li><li>Araruna<\/li><li>Areia<\/li><li>Areia De Bara\u00fanas<\/li><li>Areial<\/li><li>Aroeiras<\/li><li><strong>Assun\u00e7\u00e3o<\/strong><\/li><li>Bananeiras<\/li><li>Bara\u00fana<\/li><li>Barra De Santa Rosa<\/li><li>Barra De Santana<\/li><li><strong>Barra De S\u00e3o Miguel<\/strong><\/li><li>Bel\u00e9m<\/li><li>Bel\u00e9m Do Brejo Do Cruz<\/li><li>Bernardino Batista<\/li><li>Boa Ventura<\/li><li><strong>Boa Vista<\/strong><\/li><li>Bom Jesus<\/li><li>Bom Sucesso<\/li><li>Bonito De Santa F\u00e9<\/li><li><strong>Boqueir\u00e3o<\/strong><\/li><li>Borborema<\/li><li>Brejo Do Cruz<\/li><li>Brejo Dos Santos<\/li><li><strong>Cabaceiras<\/strong><\/li><li>Cachoeira Dos \u00cdndios<\/li><li>Cacimba De Areia<\/li><li>Cacimba De Dentro<\/li><li>Cacimbas<\/li><li>Cajazeiras<\/li><li>Cajazeirinhas<\/li><li><strong>Camala\u00fa<\/strong><\/li><li>Campina Grande<\/li><li><strong>Cara\u00fabas<\/strong><\/li><li>Carrapateira<\/li><li>Casserengue<\/li><li>Catingueira<\/li><li>Catol\u00e9 Do Rocha<\/li><li>Caturit\u00e9<\/li><li>Concei\u00e7\u00e3o<\/li><li>Condado<\/li><li><strong>Congo<\/strong><\/li><li>Coremas<\/li><li><strong>Coxixola<\/strong><\/li><li>Cubati<\/li><li>Cuitegi<\/li><li>Cuit\u00e9<\/li><li>Curral Velho<\/li><li>Dami\u00e3o<\/li><li>Desterro<\/li><li>Diamante<\/li><li>Dona In\u00eas<\/li><li>Emas<\/li><li>Esperan\u00e7a<\/li><li>Fagundes<\/li><li>Frei Martinho<\/li><li>Gado Bravo<\/li><li>Guarabira<\/li><li>Gurinh\u00e9m<\/li><li><strong>Gurj\u00e3o<\/strong><\/li><li>Ibiara<\/li><li>Igaracy<\/li><li>Imaculada<\/li><li>Ing\u00e1<\/li><li>Itaporanga<\/li><li>Itatuba<\/li><li>Jeric\u00f3<\/li><li>Joca Claudino<\/li><li>Juarez T\u00e1vora<\/li><li>Juazeirinho<\/li><li>Junco Do Serid\u00f3<\/li><li>Juru<\/li><li>Lagoa<\/li><li>Lagoa Seca<\/li><li>Lastro<\/li><li><strong>Livramento<\/strong><\/li><li>Malta<\/li><li>Mana\u00edra<\/li><li>Mariz\u00f3polis<\/li><li>Massaranduba<\/li><li>Matinhas<\/li><li>Mato Grosso<\/li><li>Matur\u00e9ia<\/li><li>Mogeiro<\/li><li>Montadas<\/li><li>Monte Horebe<\/li><li><strong>Monteiro<\/strong><\/li><li>Mulungu<\/li><li>M\u00e3e D\u2019\u00c1gua<\/li><li>Nazarezinho<\/li><li>Nova Floresta<\/li><li>Nova Olinda<\/li><li>Nova Palmeira<\/li><li>Olho D\u2019\u00c1gua<\/li><li>Olivedos<\/li><li><strong>Ouro Velho<\/strong><\/li><li><strong>Parari<\/strong><\/li><li>Passagem<\/li><li>Patos<\/li><li>Paulista<\/li><li>Pedra Branca<\/li><li>Pedra Lavrada<\/li><li>Pianc\u00f3<\/li><li>Picu\u00ed<\/li><li>Pil\u00f5es<\/li><li>Pil\u00f5ezinhos<\/li><li>Pirpirituba<\/li><li>Pocinhos<\/li><li>Pombal<\/li><li>Po\u00e7o Dantas<\/li><li>Po\u00e7o De Jos\u00e9 De Moura<\/li><li><strong>Prata<\/strong><\/li><li>Princesa Isabel<\/li><li>Puxinan\u00e3<\/li><li>Queimadas<\/li><li>Quixab\u00e1<\/li><li>Rem\u00edgio<\/li><li><strong>Riacho De Santo Ant\u00f4nio<\/strong><\/li><li>Riacho Dos Cavalos<\/li><li>Riach\u00e3o<\/li><li>Riach\u00e3o Do Bacamarte<\/li><li>Salgadinho<\/li><li>Santa Cec\u00edlia<\/li><li>Santa Cruz<\/li><li>Santa Helena<\/li><li>Santa In\u00eas<\/li><li>Santa Luzia<\/li><li>Santa Teresinha<\/li><li>Santana De Mangueira<\/li><li>Santana Dos Garrotes<\/li><li><strong>Santo Andr\u00e9<\/strong><\/li><li><strong>Serra Branca<\/strong><\/li><li>Serra Grande<\/li><li>Serra Redonda<\/li><li>Serraria<\/li><li>Soledade<\/li><li>Sol\u00e2nea<\/li><li>Soss\u00eago<\/li><li>Sousa<\/li><li><strong>Sum\u00e9<\/strong><\/li><li>S\u00e3o Bentinho<\/li><li>S\u00e3o Bento<\/li><li>S\u00e3o Domingos<\/li><li><strong>S\u00e3o Domingos Do Cariri<\/strong><\/li><li>S\u00e3o Francisco<\/li><li>S\u00e3o Jos\u00e9 Da Lagoa Tapada<\/li><li>S\u00e3o Jos\u00e9 De Caiana<\/li><li>S\u00e3o Jos\u00e9 De Espinharas<\/li><li>S\u00e3o Jos\u00e9 De Piranhas<\/li><li>S\u00e3o Jos\u00e9 De Princesa<\/li><li>S\u00e3o Jos\u00e9 Do Bonfim<\/li><li>S\u00e3o Jos\u00e9 Do Brejo Do Cruz<\/li><li>S\u00e3o Jos\u00e9 Do Sabugi<\/li><li><strong>S\u00e3o Jos\u00e9 Dos Cordeiros<\/strong><\/li><li><strong>S\u00e3o Jo\u00e3o Do Cariri<\/strong><\/li><li>S\u00e3o Jo\u00e3o Do Rio Do Peixe<\/li><li><strong>S\u00e3o Jo\u00e3o Do Tigre<\/strong><\/li><li>S\u00e3o Mamede<\/li><li>S\u00e3o Sebasti\u00e3o De Lagoa De Ro\u00e7a<\/li><li><strong>S\u00e3o Sebasti\u00e3o Do Umbuzeiro<\/strong><\/li><li>S\u00e3o Vicente Do Serid\u00f3<\/li><li>Tacima<\/li><li><strong>Tapero\u00e1<\/strong><\/li><li>Tavares<\/li><li>Teixeira<\/li><li>Ten\u00f3rio<\/li><li>Triunfo<\/li><li>Uira\u00fana<\/li><li>Umbuzeiro<\/li><li>Vieir\u00f3polis<\/li><li>Vista Serrana<\/li><li>V\u00e1rzea<\/li><li><strong>Zabel\u00ea<\/strong><\/li><li>\u00c1gua Branca<\/li><\/ul>\n\n\n\n<p><\/p>\n","protected":false},"excerpt":{"rendered":"<p>O Instituto Nacional de Meteorologia (Inmet) emitiu um alerta \u00e0s 16h desta ter\u00e7a-feira (21) para chuvas intensas em grande parte do estado da Para\u00edba. Ao&hellip; <\/p>\n","protected":false},"author":1,"featured_media":85697,"comment_status":"closed","ping_status":"closed","sticky":false,"template":"","format":"standard","meta":{"sfsi_plus_gutenberg_text_before_share":"","sfsi_plus_gutenberg_show_text_before_share":"","sfsi_plus_gutenberg_icon_type":"","sfsi_plus_gutenberg_icon_alignemt":"","sfsi_plus_gutenburg_max_per_row":"","footnotes":""},"categories":[2],"tags":[],"class_list":["post-148176","post","type-post","status-publish","format-standard","has-post-thumbnail","hentry","category-geral"],"_links":{"self":[{"href":"https:\/\/www.caririemacao.com\/1\/wp-json\/wp\/v2\/posts\/148176","targetHints":{"allow":["GET"]}}],"collection":[{"href":"https:\/\/www.caririemacao.com\/1\/wp-json\/wp\/v2\/posts"}],"about":[{"href":"https:\/\/www.caririemacao.com\/1\/wp-json\/wp\/v2\/types\/post"}],"author":[{"embeddable":true,"href":"https:\/\/www.caririemacao.com\/1\/wp-json\/wp\/v2\/users\/1"}],"replies":[{"embeddable":true,"href":"https:\/\/www.caririemacao.com\/1\/wp-json\/wp\/v2\/comments?post=148176"}],"version-history":[{"count":2,"href":"https:\/\/www.caririemacao.com\/1\/wp-json\/wp\/v2\/posts\/148176\/revisions"}],"predecessor-version":[{"id":148214,"href":"https:\/\/www.caririemacao.com\/1\/wp-json\/wp\/v2\/posts\/148176\/revisions\/148214"}],"wp:featuredmedia":[{"embeddable":true,"href":"https:\/\/www.caririemacao.com\/1\/wp-json\/wp\/v2\/media\/85697"}],"wp:attachment":[{"href":"https:\/\/www.caririemacao.com\/1\/wp-json\/wp\/v2\/media?parent=148176"}],"wp:term":[{"taxonomy":"category","embeddable":true,"href":"https:\/\/www.caririemacao.com\/1\/wp-json\/wp\/v2\/categories?post=148176"},{"taxonomy":"post_tag","embeddable":true,"href":"https:\/\/www.caririemacao.com\/1\/wp-json\/wp\/v2\/tags?post=148176"}],"curies":[{"name":"wp","href":"https:\/\/api.w.org\/{rel}","templated":true}]}}