{"id":148189,"date":"2020-01-22T10:21:38","date_gmt":"2020-01-22T13:21:38","guid":{"rendered":"http:\/\/www.caririemacao.com\/1\/?p=148189"},"modified":"2020-01-22T10:21:38","modified_gmt":"2020-01-22T13:21:38","slug":"bolsonaro-da-ampla-liberdade-a-imprensa-garante-sergio-moro","status":"publish","type":"post","link":"https:\/\/www.caririemacao.com\/1\/2020\/01\/22\/bolsonaro-da-ampla-liberdade-a-imprensa-garante-sergio-moro\/","title":{"rendered":"Bolsonaro d\u00e1 ampla liberdade \u00e0 imprensa, garante S\u00e9rgio Moro"},"content":{"rendered":"\n<p>\u201cVoc\u00ea n\u00e3o v\u00ea qualquer atitude do presidente tentando cercear a liberdade de imprensa\u201d, disse Moro.<\/p>\n\n\n\n<p>O ministro da Justi\u00e7a e Seguran\u00e7a P\u00fablica,<strong>&nbsp;Sergio Moro<\/strong>, defendeu a rela\u00e7\u00e3o do presidente da Rep\u00fablica, Jair Bolsonaro, com os ve\u00edculos de imprensa do Brasil.<\/p>\n\n\n\n<p>Durante participa\u00e7\u00e3o no programa Roda Viva, da TV Cultura, Moro foi indagado sobre um levantamento de que o presidente foi respons\u00e1vel por 121 ataques contra profissionais e ve\u00edculos de imprensa em 2019.<\/p>\n\n\n\n<p>O ministro afirmou que Bolsonaro \u201cd\u00e1 ampla liberdade \u00e0 imprensa\u201d e v\u00ea a postura do mandat\u00e1rio como uma rea\u00e7\u00e3o \u00e0s cr\u00edticas que recebe:<\/p>\n\n\n\n<p>\u201cO que vi nas elei\u00e7\u00f5es passadas, \u00e9 que voc\u00ea tinha um grupo falando que iria regular imprensa, cercear a liberdade da imprensa e do judici\u00e1rio. E do outro lado, vejo o presidente dando ampla liberdade \u00e0 imprensa.\u201d<\/p>\n\n\n\n<p>E, antes de ser interrompido pela apresentadora do programa, acrescentou:<\/p>\n\n\n\n<p>\u201c\u00c9 claro que isso \u00e9 um dever, uma obriga\u00e7\u00e3o constitucional do presidente, mas voc\u00ea n\u00e3o v\u00ea qualquer atitude do presidente tentando cercear a liberdade de imprensa.\u201d<\/p>\n\n\n\n<p>Diante da insist\u00eancia dos jornalistas nos questionamentos sobre a postura de Bolsonaro com a imprensa, Moro foi enf\u00e1tico:<\/p>\n\n\n\n<p>\u201cAgora veja, fui convidado a vir pro Roda Viva. Se eu n\u00e3o aceitar seria censura? Faz uma pergunta ao presidente, ele pode n\u00e3o responder. Eu n\u00e3o vim aqui para falar sobre o presidente, vim para falar sobre o Minist\u00e9rio. O presidente tem respeitado a liberdade da imprensa. O que acontece \u00e9 que ele tem sido criticado e muitas vezes ele reage.\u201d<\/p>\n","protected":false},"excerpt":{"rendered":"<p>\u201cVoc\u00ea n\u00e3o v\u00ea qualquer atitude do presidente tentando cercear a liberdade de imprensa\u201d, disse Moro. O ministro da Justi\u00e7a e Seguran\u00e7a P\u00fablica,&nbsp;Sergio Moro, defendeu a&hellip; <\/p>\n","protected":false},"author":1,"featured_media":99321,"comment_status":"closed","ping_status":"closed","sticky":false,"template":"","format":"standard","meta":{"sfsi_plus_gutenberg_text_before_share":"","sfsi_plus_gutenberg_show_text_before_share":"","sfsi_plus_gutenberg_icon_type":"","sfsi_plus_gutenberg_icon_alignemt":"","sfsi_plus_gutenburg_max_per_row":"","footnotes":""},"categories":[11],"tags":[],"class_list":["post-148189","post","type-post","status-publish","format-standard","has-post-thumbnail","hentry","category-politica"],"_links":{"self":[{"href":"https:\/\/www.caririemacao.com\/1\/wp-json\/wp\/v2\/posts\/148189","targetHints":{"allow":["GET"]}}],"collection":[{"href":"https:\/\/www.caririemacao.com\/1\/wp-json\/wp\/v2\/posts"}],"about":[{"href":"https:\/\/www.caririemacao.com\/1\/wp-json\/wp\/v2\/types\/post"}],"author":[{"embeddable":true,"href":"https:\/\/www.caririemacao.com\/1\/wp-json\/wp\/v2\/users\/1"}],"replies":[{"embeddable":true,"href":"https:\/\/www.caririemacao.com\/1\/wp-json\/wp\/v2\/comments?post=148189"}],"version-history":[{"count":1,"href":"https:\/\/www.caririemacao.com\/1\/wp-json\/wp\/v2\/posts\/148189\/revisions"}],"predecessor-version":[{"id":148191,"href":"https:\/\/www.caririemacao.com\/1\/wp-json\/wp\/v2\/posts\/148189\/revisions\/148191"}],"wp:featuredmedia":[{"embeddable":true,"href":"https:\/\/www.caririemacao.com\/1\/wp-json\/wp\/v2\/media\/99321"}],"wp:attachment":[{"href":"https:\/\/www.caririemacao.com\/1\/wp-json\/wp\/v2\/media?parent=148189"}],"wp:term":[{"taxonomy":"category","embeddable":true,"href":"https:\/\/www.caririemacao.com\/1\/wp-json\/wp\/v2\/categories?post=148189"},{"taxonomy":"post_tag","embeddable":true,"href":"https:\/\/www.caririemacao.com\/1\/wp-json\/wp\/v2\/tags?post=148189"}],"curies":[{"name":"wp","href":"https:\/\/api.w.org\/{rel}","templated":true}]}}