{"id":148206,"date":"2020-01-22T11:11:36","date_gmt":"2020-01-22T14:11:36","guid":{"rendered":"http:\/\/www.caririemacao.com\/1\/?p=148206"},"modified":"2020-01-22T11:11:36","modified_gmt":"2020-01-22T14:11:36","slug":"acao-integrada-das-policias-militar-e-civil-prende-na-regiao-do-cariri-quadrilha-de-furto-e-desmanche-de-veiculos","status":"publish","type":"post","link":"https:\/\/www.caririemacao.com\/1\/2020\/01\/22\/acao-integrada-das-policias-militar-e-civil-prende-na-regiao-do-cariri-quadrilha-de-furto-e-desmanche-de-veiculos\/","title":{"rendered":"A\u00e7\u00e3o integrada das policias Militar e Civil prende na regi\u00e3o do Cariri quadrilha de furto e desmanche de ve\u00edculos"},"content":{"rendered":"\n<p>Por volta das 12:00 horas desta ter\u00e7a-feira (21) uma guarni\u00e7\u00e3o da Pol\u00edcia Militar, comandada pelo Cabo Fabrizio realizava rondas na cidade de S\u00e3o Jo\u00e3o do Cariri e recebeu um informe de um ve\u00edculo crossfox vermelho, placas OFD 9632 com alguns indiv\u00edduos, que estariam em atitude suspeita pr\u00f3ximo ao s\u00edtio Santana, zona rural de S\u00e3o Jo\u00e3o do Cariri.<\/p>\n\n\n\n<div class=\"wp-block-image\"><figure class=\"alignright\"><img decoding=\"async\" data-src=\"http:\/\/deolhonocariri.com.br\/wp-content\/uploads\/2020\/01\/82621245_528130581385755_8929791931043545088_n.jpg\" alt=\"\" class=\"wp-image-76791 lazyload\" src=\"data:image\/svg+xml;base64,PHN2ZyB3aWR0aD0iMSIgaGVpZ2h0PSIxIiB4bWxucz0iaHR0cDovL3d3dy53My5vcmcvMjAwMC9zdmciPjwvc3ZnPg==\" \/><\/figure><\/div>\n\n\n\n<p>Os policiais com apoio de outra viatura da \u00e1rea de Serra Branca e da Pol\u00edcia Civil foram a procura dos suspeitos, mas de in\u00edcio n\u00e3o foi obtido \u00eaxito. Em seguida com a chegada de novas den\u00fancias e informa\u00e7\u00f5es foi encontrada uma casa abandonada, pr\u00f3ximo a BR- 412, mas que haviam pessoas suspeitas no interior, que ao perceberem a aproxima\u00e7\u00e3o das viaturas os acusados fugiram por um matagal e de in\u00edcio n\u00e3o foi poss\u00edvel localiz\u00e1-los.<\/p>\n\n\n\n<p>As for\u00e7as de seguran\u00e7a realizaram uma busca minuciosa no local e foi encontrado um ve\u00edculo Honda Civic de placas PEE 0697, de cor cinza, j\u00e1 sem v\u00e1rias pe\u00e7as, desmontado e com restri\u00e7\u00e3o de roubo\/furto; al\u00e9m deste o ve\u00edculo j\u00e1 mencionado, CROSSFOX. Tamb\u00e9m foi deixado pelos acusados e localizado pelas guarni\u00e7\u00f5es, inclusive com certa quantidade de entorpecente em seu interior.<\/p>\n\n\n\n<div class=\"wp-block-image\"><figure class=\"aligncenter\"><img decoding=\"async\" data-src=\"http:\/\/deolhonocariri.com.br\/wp-content\/uploads\/2020\/01\/2-1.jpg\" alt=\"\" class=\"wp-image-76792 lazyload\" src=\"data:image\/svg+xml;base64,PHN2ZyB3aWR0aD0iMSIgaGVpZ2h0PSIxIiB4bWxucz0iaHR0cDovL3d3dy53My5vcmcvMjAwMC9zdmciPjwvc3ZnPg==\" \/><\/figure><\/div>\n\n\n\n<p>Logo ap\u00f3s o ve\u00edculo ser conduzido a delegacia para as devidas provid\u00eancias os policiais fizeram um cerco aos meliantes durante todo o dia, sendo dois capturados e presos \u00e0 noite em um matagal.<\/p>\n\n\n\n<p>Foram presos Jos\u00e9 Bruno Gomes de Fran\u00e7a e William Gabriel Souza Fernandes. Os mesmos foram encaminhados para a Delegacia de Pol\u00edcia Civil de Monteiro.<\/p>\n\n\n\n<p><strong>OBJETOS APREENDIDOS<\/strong><br>01 VE\u00cdCULO CROSSFOX \u2013 COR VERMELHA PLACAS OFD 9632;<\/p>\n\n\n\n<p>01 VE\u00cdCULO HONDA CIVIC \u2013 COR CINZA \u2013 PLACAS PEE 0697 (J\u00c1 EM PROCESSO DE DESMANCHE, SEM ALGUMAS PE\u00c7AS)<\/p>\n\n\n\n<p>CERTA QUANTIDADE DE ENTORPECENTES ( SUBST\u00c2NCIA SEMELHANTE A MACONHA) NO INTERIOR DO CROSSFOX.<\/p>\n\n\n\n<p><strong>De Olho no Cariri<\/strong><\/p>\n","protected":false},"excerpt":{"rendered":"<p>Por volta das 12:00 horas desta ter\u00e7a-feira (21) uma guarni\u00e7\u00e3o da Pol\u00edcia Militar, comandada pelo Cabo Fabrizio realizava rondas na cidade de S\u00e3o Jo\u00e3o do&hellip; <\/p>\n","protected":false},"author":1,"featured_media":148209,"comment_status":"closed","ping_status":"closed","sticky":false,"template":"","format":"standard","meta":{"sfsi_plus_gutenberg_text_before_share":"","sfsi_plus_gutenberg_show_text_before_share":"","sfsi_plus_gutenberg_icon_type":"","sfsi_plus_gutenberg_icon_alignemt":"","sfsi_plus_gutenburg_max_per_row":"","footnotes":""},"categories":[50,12],"tags":[],"class_list":["post-148206","post","type-post","status-publish","format-standard","has-post-thumbnail","hentry","category-destaque","category-policia"],"_links":{"self":[{"href":"https:\/\/www.caririemacao.com\/1\/wp-json\/wp\/v2\/posts\/148206","targetHints":{"allow":["GET"]}}],"collection":[{"href":"https:\/\/www.caririemacao.com\/1\/wp-json\/wp\/v2\/posts"}],"about":[{"href":"https:\/\/www.caririemacao.com\/1\/wp-json\/wp\/v2\/types\/post"}],"author":[{"embeddable":true,"href":"https:\/\/www.caririemacao.com\/1\/wp-json\/wp\/v2\/users\/1"}],"replies":[{"embeddable":true,"href":"https:\/\/www.caririemacao.com\/1\/wp-json\/wp\/v2\/comments?post=148206"}],"version-history":[{"count":1,"href":"https:\/\/www.caririemacao.com\/1\/wp-json\/wp\/v2\/posts\/148206\/revisions"}],"predecessor-version":[{"id":148210,"href":"https:\/\/www.caririemacao.com\/1\/wp-json\/wp\/v2\/posts\/148206\/revisions\/148210"}],"wp:featuredmedia":[{"embeddable":true,"href":"https:\/\/www.caririemacao.com\/1\/wp-json\/wp\/v2\/media\/148209"}],"wp:attachment":[{"href":"https:\/\/www.caririemacao.com\/1\/wp-json\/wp\/v2\/media?parent=148206"}],"wp:term":[{"taxonomy":"category","embeddable":true,"href":"https:\/\/www.caririemacao.com\/1\/wp-json\/wp\/v2\/categories?post=148206"},{"taxonomy":"post_tag","embeddable":true,"href":"https:\/\/www.caririemacao.com\/1\/wp-json\/wp\/v2\/tags?post=148206"}],"curies":[{"name":"wp","href":"https:\/\/api.w.org\/{rel}","templated":true}]}}