{"id":148215,"date":"2020-01-22T13:51:51","date_gmt":"2020-01-22T16:51:51","guid":{"rendered":"http:\/\/www.caririemacao.com\/1\/?p=148215"},"modified":"2020-01-22T13:51:51","modified_gmt":"2020-01-22T16:51:51","slug":"crescer-2020-abre-novo-edital-para-recrutar-voluntarios-de-evento-catolico","status":"publish","type":"post","link":"https:\/\/www.caririemacao.com\/1\/2020\/01\/22\/crescer-2020-abre-novo-edital-para-recrutar-voluntarios-de-evento-catolico\/","title":{"rendered":"\u201cCrescer 2020\u201d abre novo edital para recrutar volunt\u00e1rios de evento cat\u00f3lico"},"content":{"rendered":"\n<p>Est\u00e3o abertas novas vagas para volunt\u00e1rios do Crescer 2020, realizado pela Comunidade de S\u00e3o Pio X, da Diocese de Campina Grande. A Comunidade publicou edital complementar na \u00faltima sexta-feira (17) e abriu nessa ter\u00e7a-feira (21) inscri\u00e7\u00f5es para mais 30 vagas, al\u00e9m da forma\u00e7\u00e3o de cadastro reserva. O objetivo \u00e9 preencher as vagas remanescentes do edital n\u00ba 05\/2019.<\/p>\n\n\n\n<p>Os selecionados ir\u00e3o servir no Encontro da Fam\u00edlia Cat\u00f3lica, realizado entre os dias 23 e 25 de Fevereiro, no Spazzio, em Campina Grande-PB, nas \u00e1reas de Atendimento ao P\u00fablico, Comunica\u00e7\u00e3o, Apoio Log\u00edstico e Servi\u00e7os de Sa\u00fade e de Liturgia, como Ministros Extraordin\u00e1rios da Comunh\u00e3o Eucar\u00edstica.<\/p>\n\n\n\n<p>Neste segundo edital, dever\u00e3o ser observados os mesmos pr\u00e9-requisitos dispostos no edital n\u00ba 05\/2019, al\u00e9m da disponibilidade para participar dos treinamentos e momentos de espiritualidade, nos dias 5 e 12 de fevereiro na sede da Comunidade de S\u00e3o Pio X, na Rua Afonso Pena \u2013 61 \u2013 centro, \u00e0s 19h, e \u00e0 Missa de Envio no dia 19 de fevereiro no mesmo local e hor\u00e1rio.<\/p>\n\n\n\n<p>Para realizar a inscri\u00e7\u00e3o, \u00e9 necess\u00e1rio acessar o site&nbsp;<a href=\"http:\/\/www.comunidadepiox.org.br\/\">www.comunidadepiox.org.br<\/a>&nbsp;e em seguida o formul\u00e1rio de cadastro. Por fim, preencher os dados solicitados e enviar a ficha de inscri\u00e7\u00e3o. Os menores de 18 anos precisam anexar um termo de autoriza\u00e7\u00e3o e declara\u00e7\u00e3o de responsabilidade. As inscri\u00e7\u00f5es s\u00e3o gratuitas e seguem at\u00e9 o dia 26 de janeiro.<\/p>\n\n\n\n<p>O resultado ser\u00e1 divulgado no site da Comunidade de S\u00e3o Pio X at\u00e9 \u00e0s 20 horas do dia 31 de janeiro de 2020. A Pio X disponibiliza o e-mail&nbsp;<a href=\"mailto:voluntarios@piox.org.br\">voluntarios@piox.org.br<\/a>&nbsp;e o whatsapp (83) 98710-1151 para eventuais d\u00favidas.<\/p>\n","protected":false},"excerpt":{"rendered":"<p>Est\u00e3o abertas novas vagas para volunt\u00e1rios do Crescer 2020, realizado pela Comunidade de S\u00e3o Pio X, da Diocese de Campina Grande. A Comunidade publicou edital&hellip; <\/p>\n","protected":false},"author":1,"featured_media":148216,"comment_status":"closed","ping_status":"closed","sticky":false,"template":"","format":"standard","meta":{"sfsi_plus_gutenberg_text_before_share":"","sfsi_plus_gutenberg_show_text_before_share":"","sfsi_plus_gutenberg_icon_type":"","sfsi_plus_gutenberg_icon_alignemt":"","sfsi_plus_gutenburg_max_per_row":"","footnotes":""},"categories":[2],"tags":[],"class_list":["post-148215","post","type-post","status-publish","format-standard","has-post-thumbnail","hentry","category-geral"],"_links":{"self":[{"href":"https:\/\/www.caririemacao.com\/1\/wp-json\/wp\/v2\/posts\/148215","targetHints":{"allow":["GET"]}}],"collection":[{"href":"https:\/\/www.caririemacao.com\/1\/wp-json\/wp\/v2\/posts"}],"about":[{"href":"https:\/\/www.caririemacao.com\/1\/wp-json\/wp\/v2\/types\/post"}],"author":[{"embeddable":true,"href":"https:\/\/www.caririemacao.com\/1\/wp-json\/wp\/v2\/users\/1"}],"replies":[{"embeddable":true,"href":"https:\/\/www.caririemacao.com\/1\/wp-json\/wp\/v2\/comments?post=148215"}],"version-history":[{"count":1,"href":"https:\/\/www.caririemacao.com\/1\/wp-json\/wp\/v2\/posts\/148215\/revisions"}],"predecessor-version":[{"id":148217,"href":"https:\/\/www.caririemacao.com\/1\/wp-json\/wp\/v2\/posts\/148215\/revisions\/148217"}],"wp:featuredmedia":[{"embeddable":true,"href":"https:\/\/www.caririemacao.com\/1\/wp-json\/wp\/v2\/media\/148216"}],"wp:attachment":[{"href":"https:\/\/www.caririemacao.com\/1\/wp-json\/wp\/v2\/media?parent=148215"}],"wp:term":[{"taxonomy":"category","embeddable":true,"href":"https:\/\/www.caririemacao.com\/1\/wp-json\/wp\/v2\/categories?post=148215"},{"taxonomy":"post_tag","embeddable":true,"href":"https:\/\/www.caririemacao.com\/1\/wp-json\/wp\/v2\/tags?post=148215"}],"curies":[{"name":"wp","href":"https:\/\/api.w.org\/{rel}","templated":true}]}}