{"id":148220,"date":"2020-01-22T13:53:03","date_gmt":"2020-01-22T16:53:03","guid":{"rendered":"http:\/\/www.caririemacao.com\/1\/?p=148220"},"modified":"2020-01-22T13:53:03","modified_gmt":"2020-01-22T16:53:03","slug":"pesquisa-cnt-aumenta-a-aprovacao-do-presidente-bolsonaro","status":"publish","type":"post","link":"https:\/\/www.caririemacao.com\/1\/2020\/01\/22\/pesquisa-cnt-aumenta-a-aprovacao-do-presidente-bolsonaro\/","title":{"rendered":"Pesquisa CNT: aumenta a aprova\u00e7\u00e3o do presidente Bolsonaro"},"content":{"rendered":"\n<p>A aprova\u00e7\u00e3o do governo Jair Bolsonaro (sem partido) cresceu de 41% para 47,8% nos \u00faltimos cinco meses, segundo pesquisa CNT\/MDA, divulgada nesta quarta-feira (22), em Bras\u00edlia. A reprova\u00e7\u00e3o do governo teve queda, de 53,7%, em agosto, para 47%, em janeiro.<\/p>\n\n\n\n<p>A pesquisa da CNT (Confedera\u00e7\u00e3o Nacional dos Transporte) foi encomendada ao instituto MDA. O levantamento&nbsp;ouviu 2.002 pessoas, de 15 a 18 de janeiro, em 137 munic\u00edpios de 25 estados. A margem de erro \u00e9 de 2,2 pontos percentuais, segundo o instituto.<\/p>\n\n\n\n<p>A avalia\u00e7\u00e3o do governo indicou que 34,5% dos entrevistados consideraram o governo \u00f3timo ou bom, outros 32,1% responderam que o governo \u00e9 regular e 31% declararam que \u00e9 ruim ou p\u00e9ssimo.<\/p>\n\n\n\n<p>Entre os entrevistados, 30,1% consideram que a \u00e1rea com melhor desempenho do governo \u00e9 o combate \u00e0 corrup\u00e7\u00e3o, seguido por economia, 22,1% e seguran\u00e7a 22%, entre outros. As \u00e1reas com a pior avalia\u00e7\u00e3o s\u00e3o: sa\u00fade 36,1%; educa\u00e7\u00e3o com 22,9% e meio ambiente com 18,5%.<\/p>\n\n\n\n<p>A pesquisa concluiu que os dados indicam expectativas positivas de melhora do pa\u00eds e de recupera\u00e7\u00e3o dos \u00edndices de avalia\u00e7\u00e3o pessoal de Bolsonaro.<\/p>\n\n\n\n<p>\u201cHouve aumento da aprova\u00e7\u00e3o em todos os estratos socioecon\u00f4micos (sexo, idade, renda, escolaridade, regi\u00e3o, porte do munic\u00edpio e regi\u00e3o).<\/p>\n","protected":false},"excerpt":{"rendered":"<p>A aprova\u00e7\u00e3o do governo Jair Bolsonaro (sem partido) cresceu de 41% para 47,8% nos \u00faltimos cinco meses, segundo pesquisa CNT\/MDA, divulgada nesta quarta-feira (22), em&hellip; <\/p>\n","protected":false},"author":1,"featured_media":147248,"comment_status":"closed","ping_status":"closed","sticky":false,"template":"","format":"standard","meta":{"sfsi_plus_gutenberg_text_before_share":"","sfsi_plus_gutenberg_show_text_before_share":"","sfsi_plus_gutenberg_icon_type":"","sfsi_plus_gutenberg_icon_alignemt":"","sfsi_plus_gutenburg_max_per_row":"","footnotes":""},"categories":[11],"tags":[],"class_list":["post-148220","post","type-post","status-publish","format-standard","has-post-thumbnail","hentry","category-politica"],"_links":{"self":[{"href":"https:\/\/www.caririemacao.com\/1\/wp-json\/wp\/v2\/posts\/148220","targetHints":{"allow":["GET"]}}],"collection":[{"href":"https:\/\/www.caririemacao.com\/1\/wp-json\/wp\/v2\/posts"}],"about":[{"href":"https:\/\/www.caririemacao.com\/1\/wp-json\/wp\/v2\/types\/post"}],"author":[{"embeddable":true,"href":"https:\/\/www.caririemacao.com\/1\/wp-json\/wp\/v2\/users\/1"}],"replies":[{"embeddable":true,"href":"https:\/\/www.caririemacao.com\/1\/wp-json\/wp\/v2\/comments?post=148220"}],"version-history":[{"count":1,"href":"https:\/\/www.caririemacao.com\/1\/wp-json\/wp\/v2\/posts\/148220\/revisions"}],"predecessor-version":[{"id":148224,"href":"https:\/\/www.caririemacao.com\/1\/wp-json\/wp\/v2\/posts\/148220\/revisions\/148224"}],"wp:featuredmedia":[{"embeddable":true,"href":"https:\/\/www.caririemacao.com\/1\/wp-json\/wp\/v2\/media\/147248"}],"wp:attachment":[{"href":"https:\/\/www.caririemacao.com\/1\/wp-json\/wp\/v2\/media?parent=148220"}],"wp:term":[{"taxonomy":"category","embeddable":true,"href":"https:\/\/www.caririemacao.com\/1\/wp-json\/wp\/v2\/categories?post=148220"},{"taxonomy":"post_tag","embeddable":true,"href":"https:\/\/www.caririemacao.com\/1\/wp-json\/wp\/v2\/tags?post=148220"}],"curies":[{"name":"wp","href":"https:\/\/api.w.org\/{rel}","templated":true}]}}