{"id":148263,"date":"2020-01-22T14:02:35","date_gmt":"2020-01-22T17:02:35","guid":{"rendered":"http:\/\/www.caririemacao.com\/1\/?p=148263"},"modified":"2020-01-22T14:02:35","modified_gmt":"2020-01-22T17:02:35","slug":"atencao-eleitor-prazo-para-regularizar-titulo-termina-em-maio","status":"publish","type":"post","link":"https:\/\/www.caririemacao.com\/1\/2020\/01\/22\/atencao-eleitor-prazo-para-regularizar-titulo-termina-em-maio\/","title":{"rendered":"ATEN\u00c7\u00c3O ELEITOR: Prazo para regularizar t\u00edtulo termina em maio"},"content":{"rendered":"\n<p>Se o eleitor teve seu t\u00edtulo cancelado, o prazo para regulariza\u00e7\u00e3o \u00e9 at\u00e9 o dia 06 de maio. Ap\u00f3s o prazo, quem n\u00e3o estiver com o documento, n\u00e3o poder\u00e1 votar nas elei\u00e7\u00f5es municipais de outubro, quando ser\u00e3o eleitos prefeitos, vice-prefeitos e vereadores em mais de 4.568 munic\u00edpios do pa\u00eds.<\/p>\n\n\n\n<p>Um t\u00edtulo de eleitor \u00e9 cancelado quando ele fica 3 elei\u00e7\u00f5es sem votar ou justificar seu voto. No ano passado, mais de 2,4 milh\u00f5es de t\u00edtulos foram cancelados.<\/p>\n\n\n\n<p>Para regularizar seu t\u00edtulo, compare\u00e7a at\u00e9 ao cart\u00f3rio eleitoral mais pr\u00f3ximo a sua resid\u00eancia, preencher o Requerimento de Alistamento Eleitoral (RAE) e apresentar um documento oficial com foto. Ser\u00e1 cobrada uma multa de R$3,51 por cada turno que o eleitor n\u00e3o compareceu.<\/p>\n\n\n\n<p>Outras penalidades s\u00e3o: Ficar impedido de votar, de tirar passaporte, tomar posse em cargos p\u00fablicos ou fazer matr\u00edculas em universidades p\u00fablicas, entre outras restri\u00e7\u00f5es.<\/p>\n\n\n\n<p>Voc\u00ea pode conferir a situa\u00e7\u00e3o do seu t\u00edtulo de eleitor pelo site do Tribunal Superior eleitoral (TSE). Neste ano, o primeiro turno das elei\u00e7\u00f5es ser\u00e1 realizado no dia 4 de outubro. Se necess\u00e1rio, o segundo turno ser\u00e1 no dia 25 do mesmo m\u00eas.<\/p>\n\n\n\n<p>Cerca de 146 milh\u00f5es de eleitores estar\u00e3o aptos a votar.<\/p>\n","protected":false},"excerpt":{"rendered":"<p>Se o eleitor teve seu t\u00edtulo cancelado, o prazo para regulariza\u00e7\u00e3o \u00e9 at\u00e9 o dia 06 de maio. Ap\u00f3s o prazo, quem n\u00e3o estiver com&hellip; <\/p>\n","protected":false},"author":1,"featured_media":147426,"comment_status":"closed","ping_status":"closed","sticky":false,"template":"","format":"standard","meta":{"sfsi_plus_gutenberg_text_before_share":"","sfsi_plus_gutenberg_show_text_before_share":"","sfsi_plus_gutenberg_icon_type":"","sfsi_plus_gutenberg_icon_alignemt":"","sfsi_plus_gutenburg_max_per_row":"","footnotes":""},"categories":[50,11],"tags":[],"class_list":["post-148263","post","type-post","status-publish","format-standard","has-post-thumbnail","hentry","category-destaque","category-politica"],"_links":{"self":[{"href":"https:\/\/www.caririemacao.com\/1\/wp-json\/wp\/v2\/posts\/148263","targetHints":{"allow":["GET"]}}],"collection":[{"href":"https:\/\/www.caririemacao.com\/1\/wp-json\/wp\/v2\/posts"}],"about":[{"href":"https:\/\/www.caririemacao.com\/1\/wp-json\/wp\/v2\/types\/post"}],"author":[{"embeddable":true,"href":"https:\/\/www.caririemacao.com\/1\/wp-json\/wp\/v2\/users\/1"}],"replies":[{"embeddable":true,"href":"https:\/\/www.caririemacao.com\/1\/wp-json\/wp\/v2\/comments?post=148263"}],"version-history":[{"count":1,"href":"https:\/\/www.caririemacao.com\/1\/wp-json\/wp\/v2\/posts\/148263\/revisions"}],"predecessor-version":[{"id":148264,"href":"https:\/\/www.caririemacao.com\/1\/wp-json\/wp\/v2\/posts\/148263\/revisions\/148264"}],"wp:featuredmedia":[{"embeddable":true,"href":"https:\/\/www.caririemacao.com\/1\/wp-json\/wp\/v2\/media\/147426"}],"wp:attachment":[{"href":"https:\/\/www.caririemacao.com\/1\/wp-json\/wp\/v2\/media?parent=148263"}],"wp:term":[{"taxonomy":"category","embeddable":true,"href":"https:\/\/www.caririemacao.com\/1\/wp-json\/wp\/v2\/categories?post=148263"},{"taxonomy":"post_tag","embeddable":true,"href":"https:\/\/www.caririemacao.com\/1\/wp-json\/wp\/v2\/tags?post=148263"}],"curies":[{"name":"wp","href":"https:\/\/api.w.org\/{rel}","templated":true}]}}