{"id":148271,"date":"2020-01-22T14:07:53","date_gmt":"2020-01-22T17:07:53","guid":{"rendered":"http:\/\/www.caririemacao.com\/1\/?p=148271"},"modified":"2020-01-22T14:07:53","modified_gmt":"2020-01-22T17:07:53","slug":"vacina-contra-hpv-tem-baixa-procura-e-governo-reforca-importancia-da-prevencao","status":"publish","type":"post","link":"https:\/\/www.caririemacao.com\/1\/2020\/01\/22\/vacina-contra-hpv-tem-baixa-procura-e-governo-reforca-importancia-da-prevencao\/","title":{"rendered":"Vacina contra HPV tem baixa procura, e governo refor\u00e7a import\u00e2ncia da preven\u00e7\u00e3o"},"content":{"rendered":"\n<p><br>Avacina contra HPV \u2013 v\u00edrus que infecta pele ou mucosas (oral, genital ou anal), tanto de homens quanto de mulheres, provocando verrugas anogenitais (regi\u00e3o genital e no \u00e2nus) e c\u00e2ncer \u2013 est\u00e1 com baixa procura na Para\u00edba e a Secretaria de Estado da Sa\u00fade (SES) refor\u00e7a a import\u00e2ncia da preven\u00e7\u00e3o.<\/p>\n\n\n\n<p>A vacina contra HPV \u00e9 aplicada em duas doses em meninos, de 11 a 14 anos, e em meninas, de 9 a 14 anos. Faz parte da vacina\u00e7\u00e3o de rotina, com as doses dispon\u00edveis nas Unidades de Sa\u00fade da Fam\u00edlia, em todos os 223 munic\u00edpios, diariamente, o ano inteiro.<\/p>\n\n\n\n<figure class=\"wp-block-image\"><img decoding=\"async\" data-src=\"https:\/\/paraibaonline.com.br\/wp-content\/uploads\/2019\/10\/VACINA-HPV.jpg\" alt=\"Foto: EBC - Ag\u00eancia Brasil\" class=\"wp-image-815762 lazyload\" src=\"data:image\/svg+xml;base64,PHN2ZyB3aWR0aD0iMSIgaGVpZ2h0PSIxIiB4bWxucz0iaHR0cDovL3d3dy53My5vcmcvMjAwMC9zdmciPjwvc3ZnPg==\" \/><\/figure>\n\n\n\n<p>Foto: Ag\u00eancia Brasil<\/p>\n\n\n\n<p>\u201cNa Para\u00edba, para vacinar toda a popula\u00e7\u00e3o (353.728, sendo meninos, entre 11 e 14 anos, e meninas, entre 9 e 14 anos, seriam necess\u00e1rias 710 mil doses. No entanto, os munic\u00edpios pediram 147 mil doses, ou seja, apenas 20% do que necessitam. E, sem contar que, ainda t\u00eam 52 mil doses em estoque, na sede da Secretaria de Estado da Sa\u00fade (SES)\u201d, comentou a chefe do N\u00facleo de Imuniza\u00e7\u00e3o da SES, Isiane Queiroga.<\/p>\n\n\n\n<p>Segundo a coordenadora do Programa Nacional de Imuniza\u00e7\u00f5es do Minist\u00e9rio da Sa\u00fade, Francieli Fontana, a baixa na procura pela vacina HPV est\u00e1 acontecendo no pa\u00eds inteiro.<\/p>\n\n\n\n<p>\u201cH\u00e1 uma redu\u00e7\u00e3o significativa da vacina HPV em todo pa\u00eds, resultando em 2019 (janeiro a dezembro) numa m\u00e9dia mensal de 390 mil doses e em janeiro de 2020, 191 mil doses, muito inferior \u00e0quela estimada de 800 mil doses a cada m\u00eas\u201d, disse.<\/p>\n\n\n\n<p>Para que haja um aumento no n\u00famero de vacinas em crian\u00e7as e adolescentes, a SES orienta os munic\u00edpios para que fa\u00e7am busca ativa; desenvolvam a\u00e7\u00f5es nas escolas e outras formas de atrair o p\u00fablico-alvo de acordo com a realidade de cada lugar.<\/p>\n\n\n\n<p>A vacina \u00e9 a medida mais eficaz para preven\u00e7\u00e3o contra o HPV (sigla em ingl\u00eas para Papilomav\u00edrus Humano), uma Infec\u00e7\u00e3o Sexualmente Transmiss\u00edvel (IST) e um dos principais causadores de c\u00e2ncer de colo de \u00fatero.<\/p>\n","protected":false},"excerpt":{"rendered":"<p>Avacina contra HPV \u2013 v\u00edrus que infecta pele ou mucosas (oral, genital ou anal), tanto de homens quanto de mulheres, provocando verrugas anogenitais (regi\u00e3o genital&hellip; <\/p>\n","protected":false},"author":1,"featured_media":103918,"comment_status":"closed","ping_status":"closed","sticky":false,"template":"","format":"standard","meta":{"sfsi_plus_gutenberg_text_before_share":"","sfsi_plus_gutenberg_show_text_before_share":"","sfsi_plus_gutenberg_icon_type":"","sfsi_plus_gutenberg_icon_alignemt":"","sfsi_plus_gutenburg_max_per_row":"","footnotes":""},"categories":[50,16],"tags":[],"class_list":["post-148271","post","type-post","status-publish","format-standard","has-post-thumbnail","hentry","category-destaque","category-saude"],"_links":{"self":[{"href":"https:\/\/www.caririemacao.com\/1\/wp-json\/wp\/v2\/posts\/148271","targetHints":{"allow":["GET"]}}],"collection":[{"href":"https:\/\/www.caririemacao.com\/1\/wp-json\/wp\/v2\/posts"}],"about":[{"href":"https:\/\/www.caririemacao.com\/1\/wp-json\/wp\/v2\/types\/post"}],"author":[{"embeddable":true,"href":"https:\/\/www.caririemacao.com\/1\/wp-json\/wp\/v2\/users\/1"}],"replies":[{"embeddable":true,"href":"https:\/\/www.caririemacao.com\/1\/wp-json\/wp\/v2\/comments?post=148271"}],"version-history":[{"count":1,"href":"https:\/\/www.caririemacao.com\/1\/wp-json\/wp\/v2\/posts\/148271\/revisions"}],"predecessor-version":[{"id":148272,"href":"https:\/\/www.caririemacao.com\/1\/wp-json\/wp\/v2\/posts\/148271\/revisions\/148272"}],"wp:featuredmedia":[{"embeddable":true,"href":"https:\/\/www.caririemacao.com\/1\/wp-json\/wp\/v2\/media\/103918"}],"wp:attachment":[{"href":"https:\/\/www.caririemacao.com\/1\/wp-json\/wp\/v2\/media?parent=148271"}],"wp:term":[{"taxonomy":"category","embeddable":true,"href":"https:\/\/www.caririemacao.com\/1\/wp-json\/wp\/v2\/categories?post=148271"},{"taxonomy":"post_tag","embeddable":true,"href":"https:\/\/www.caririemacao.com\/1\/wp-json\/wp\/v2\/tags?post=148271"}],"curies":[{"name":"wp","href":"https:\/\/api.w.org\/{rel}","templated":true}]}}