{"id":148276,"date":"2020-01-22T14:11:01","date_gmt":"2020-01-22T17:11:01","guid":{"rendered":"http:\/\/www.caririemacao.com\/1\/?p=148276"},"modified":"2020-01-22T14:11:01","modified_gmt":"2020-01-22T17:11:01","slug":"promotor-manda-investigar-uso-de-drogas-e-prostituicao-de-criancas-e-adolescentes-em-bailes-funk-na-paraiba","status":"publish","type":"post","link":"https:\/\/www.caririemacao.com\/1\/2020\/01\/22\/promotor-manda-investigar-uso-de-drogas-e-prostituicao-de-criancas-e-adolescentes-em-bailes-funk-na-paraiba\/","title":{"rendered":"Promotor manda investigar uso de drogas e prostitui\u00e7\u00e3o de crian\u00e7as e adolescentes em bailes funk na Para\u00edba"},"content":{"rendered":"\n<p>O Minist\u00e9rio P\u00fablico do Estado da Para\u00edba (MPPB) vai investigar a possibilidade de situa\u00e7\u00e3o de risco de crian\u00e7as e adolescentes que estariam participando de bailes funk na cidade de Coremas, no Sert\u00e3o do Estado. O caso est\u00e1 sendo apurado pelo promotor de justi\u00e7a Thomaz Ilton Ferreira dos Santos, de acordo com publica\u00e7\u00e3o do procedimento administrativo na edi\u00e7\u00e3o desta ter\u00e7a-feira (21) do Di\u00e1rio Oficial do MPPB.<\/p>\n\n\n\n<p>De acordo com o texto da publica\u00e7\u00e3o, est\u00e3o sendo investigados bailes funk que aconteceram em Coremas j\u00e1 neste ano de 2020. O promotor ressaltou que est\u00e1 sendo apurada a situa\u00e7\u00e3o de risco das crian\u00e7as e adolescentes, j\u00e1 que h\u00e1 informa\u00e7\u00f5es do consumo de drogas il\u00edcitas e at\u00e9 mesmo prostitui\u00e7\u00e3o. Este fato ensejaria a tutela de direito individual indispon\u00edvel, segundo o procedimento.<\/p>\n\n\n\n<p>\u201cA realiza\u00e7\u00e3o de bailes funk na cidade de Coremas, no ano de 2020, onde costumeiramente crian\u00e7as e adolescentes s\u00e3o vistos em poss\u00edvel situa\u00e7\u00e3o de risco, uma vez que nestas festividades existem not\u00edcias de que h\u00e1 o consumo de bebidas alco\u00f3licas, uso de drogas il\u00edcitas, prostitui\u00e7\u00e3o e etc\u201d, enfatizou o promotor.<\/p>\n\n\n\n<figure class=\"wp-block-image\"><img decoding=\"async\" data-src=\"https:\/\/www.clickpb.com.br\/media\/filer_public\/6c\/b4\/6cb4e4ea-b8a6-4548-8eb4-035e482b06fc\/mp_-_coremas.jpg\" alt=\"\" src=\"data:image\/svg+xml;base64,PHN2ZyB3aWR0aD0iMSIgaGVpZ2h0PSIxIiB4bWxucz0iaHR0cDovL3d3dy53My5vcmcvMjAwMC9zdmciPjwvc3ZnPg==\" class=\"lazyload\" \/><\/figure>\n","protected":false},"excerpt":{"rendered":"<p>O Minist\u00e9rio P\u00fablico do Estado da Para\u00edba (MPPB) vai investigar a possibilidade de situa\u00e7\u00e3o de risco de crian\u00e7as e adolescentes que estariam participando de bailes&hellip; <\/p>\n","protected":false},"author":1,"featured_media":148281,"comment_status":"closed","ping_status":"closed","sticky":false,"template":"","format":"standard","meta":{"sfsi_plus_gutenberg_text_before_share":"","sfsi_plus_gutenberg_show_text_before_share":"","sfsi_plus_gutenberg_icon_type":"","sfsi_plus_gutenberg_icon_alignemt":"","sfsi_plus_gutenburg_max_per_row":"","footnotes":""},"categories":[6],"tags":[],"class_list":["post-148276","post","type-post","status-publish","format-standard","has-post-thumbnail","hentry","category-cidades"],"_links":{"self":[{"href":"https:\/\/www.caririemacao.com\/1\/wp-json\/wp\/v2\/posts\/148276","targetHints":{"allow":["GET"]}}],"collection":[{"href":"https:\/\/www.caririemacao.com\/1\/wp-json\/wp\/v2\/posts"}],"about":[{"href":"https:\/\/www.caririemacao.com\/1\/wp-json\/wp\/v2\/types\/post"}],"author":[{"embeddable":true,"href":"https:\/\/www.caririemacao.com\/1\/wp-json\/wp\/v2\/users\/1"}],"replies":[{"embeddable":true,"href":"https:\/\/www.caririemacao.com\/1\/wp-json\/wp\/v2\/comments?post=148276"}],"version-history":[{"count":1,"href":"https:\/\/www.caririemacao.com\/1\/wp-json\/wp\/v2\/posts\/148276\/revisions"}],"predecessor-version":[{"id":148282,"href":"https:\/\/www.caririemacao.com\/1\/wp-json\/wp\/v2\/posts\/148276\/revisions\/148282"}],"wp:featuredmedia":[{"embeddable":true,"href":"https:\/\/www.caririemacao.com\/1\/wp-json\/wp\/v2\/media\/148281"}],"wp:attachment":[{"href":"https:\/\/www.caririemacao.com\/1\/wp-json\/wp\/v2\/media?parent=148276"}],"wp:term":[{"taxonomy":"category","embeddable":true,"href":"https:\/\/www.caririemacao.com\/1\/wp-json\/wp\/v2\/categories?post=148276"},{"taxonomy":"post_tag","embeddable":true,"href":"https:\/\/www.caririemacao.com\/1\/wp-json\/wp\/v2\/tags?post=148276"}],"curies":[{"name":"wp","href":"https:\/\/api.w.org\/{rel}","templated":true}]}}