{"id":148285,"date":"2020-01-22T14:11:58","date_gmt":"2020-01-22T17:11:58","guid":{"rendered":"http:\/\/www.caririemacao.com\/1\/?p=148285"},"modified":"2020-01-22T14:11:58","modified_gmt":"2020-01-22T17:11:58","slug":"joao-azevedo-diz-que-deputados-deverao-votar-projetos-de-interesse-da-sociedade-usando-consciencia","status":"publish","type":"post","link":"https:\/\/www.caririemacao.com\/1\/2020\/01\/22\/joao-azevedo-diz-que-deputados-deverao-votar-projetos-de-interesse-da-sociedade-usando-consciencia\/","title":{"rendered":"Jo\u00e3o Azev\u00eado diz que deputados dever\u00e3o votar projetos de interesse da sociedade usando consci\u00eancia"},"content":{"rendered":"\n<p>O governador Jo\u00e3o Azev\u00eado declarou em entrevista coletiva nesta quarta-feira (22) que espera contar com o apoio dos deputados estaduais aos seus projetos encaminhados \u00e0 Assembleia Legislativa da Para\u00edba. Questionado sobre o apoio das deputadas Estela Bezerra e Cida Ramos neste novo ano legislativo, Jo\u00e3o disse que cada um precisa agir com consci\u00eancia nas vota\u00e7\u00f5es.<\/p>\n\n\n\n<p>\u201cEspero que todos os projetos que n\u00f3s apresentamos na Assembleia sejam analisados e sejam votados de acordo com a consci\u00eancia de cada um\u201d, declarou o governador. Jo\u00e3o Azev\u00eado ainda afirmou que \u201cn\u00e3o posso, evidentemente, fazer julgamento ou criar expectativa\u201d, mas enfatizou que as pautas enviadas \u00e0 Assembleia Legislativa se tratam de projetos de interesse \u00e0 sociedade.<\/p>\n\n\n\n<p>Logo no in\u00edcio do ano legislativo, a Assembleia dever\u00e1 receber o Projeto de Lei Complementar estabelecendo a cria\u00e7\u00e3o da Funda\u00e7\u00e3o PB Sa\u00fade, que ir\u00e1 gerenciar as unidades de sa\u00fade do Estado da Para\u00edba. Este projeto \u00e9 o que rende mais expectativa do Governo do Estado, em raz\u00e3o dos encerramentos de contratos com Organiza\u00e7\u00f5es Sociais.<\/p>\n\n\n\n<p>A rela\u00e7\u00e3o das deputadas Estela Bezerra e Cida Ramos com o governador Jo\u00e3o Azev\u00eado ficou prejudicada ap\u00f3s a disputa interna pelo comando do diret\u00f3rio regional do PSB na Para\u00edba. O governador decidiu deixar o PSB no final de 2019 e, at\u00e9 o momento, n\u00e3o anunciou para qual legenda seguir\u00e1.<\/p>\n","protected":false},"excerpt":{"rendered":"<p>O governador Jo\u00e3o Azev\u00eado declarou em entrevista coletiva nesta quarta-feira (22) que espera contar com o apoio dos deputados estaduais aos seus projetos encaminhados \u00e0&hellip; <\/p>\n","protected":false},"author":1,"featured_media":148287,"comment_status":"closed","ping_status":"closed","sticky":false,"template":"","format":"standard","meta":{"sfsi_plus_gutenberg_text_before_share":"","sfsi_plus_gutenberg_show_text_before_share":"","sfsi_plus_gutenberg_icon_type":"","sfsi_plus_gutenberg_icon_alignemt":"","sfsi_plus_gutenburg_max_per_row":"","footnotes":""},"categories":[11],"tags":[],"class_list":["post-148285","post","type-post","status-publish","format-standard","has-post-thumbnail","hentry","category-politica"],"_links":{"self":[{"href":"https:\/\/www.caririemacao.com\/1\/wp-json\/wp\/v2\/posts\/148285","targetHints":{"allow":["GET"]}}],"collection":[{"href":"https:\/\/www.caririemacao.com\/1\/wp-json\/wp\/v2\/posts"}],"about":[{"href":"https:\/\/www.caririemacao.com\/1\/wp-json\/wp\/v2\/types\/post"}],"author":[{"embeddable":true,"href":"https:\/\/www.caririemacao.com\/1\/wp-json\/wp\/v2\/users\/1"}],"replies":[{"embeddable":true,"href":"https:\/\/www.caririemacao.com\/1\/wp-json\/wp\/v2\/comments?post=148285"}],"version-history":[{"count":1,"href":"https:\/\/www.caririemacao.com\/1\/wp-json\/wp\/v2\/posts\/148285\/revisions"}],"predecessor-version":[{"id":148288,"href":"https:\/\/www.caririemacao.com\/1\/wp-json\/wp\/v2\/posts\/148285\/revisions\/148288"}],"wp:featuredmedia":[{"embeddable":true,"href":"https:\/\/www.caririemacao.com\/1\/wp-json\/wp\/v2\/media\/148287"}],"wp:attachment":[{"href":"https:\/\/www.caririemacao.com\/1\/wp-json\/wp\/v2\/media?parent=148285"}],"wp:term":[{"taxonomy":"category","embeddable":true,"href":"https:\/\/www.caririemacao.com\/1\/wp-json\/wp\/v2\/categories?post=148285"},{"taxonomy":"post_tag","embeddable":true,"href":"https:\/\/www.caririemacao.com\/1\/wp-json\/wp\/v2\/tags?post=148285"}],"curies":[{"name":"wp","href":"https:\/\/api.w.org\/{rel}","templated":true}]}}