{"id":148293,"date":"2020-01-22T14:14:10","date_gmt":"2020-01-22T17:14:10","guid":{"rendered":"http:\/\/www.caririemacao.com\/1\/?p=148293"},"modified":"2020-01-22T14:14:10","modified_gmt":"2020-01-22T17:14:10","slug":"treze-recebe-csp-no-estadio-amigao-pelo-campeonato-paraibano","status":"publish","type":"post","link":"https:\/\/www.caririemacao.com\/1\/2020\/01\/22\/treze-recebe-csp-no-estadio-amigao-pelo-campeonato-paraibano\/","title":{"rendered":"Treze recebe CSP no Est\u00e1dio Amig\u00e3o pelo Campeonato Paraibano"},"content":{"rendered":"\n<p><br>Tem time grande estreando no segundo dia de Campeonato Paraibano. \u00c9 o Treze, que recebe o CSP nesta quarta-feira (22), no Est\u00e1dio Amig\u00e3o, em Campina Grande, \u00e0s 20h15. O Galo tenta apagar a imagem ruim deixada na temporada passada, quando brigou para n\u00e3o cair no estadual e na S\u00e9rie C do Campeonato Brasileiro. Enquanto isso, o Tigre, enfraquecido, chega como azar\u00e3o na partida fora de casa.<\/p>\n\n\n\n<p>Ap\u00f3s escapar do rebaixamento na S\u00e9rie C do Campeonato Brasileiro, o Alvinegro de Campina Grande terminou 2019 com o sentimento de al\u00edvio e buscando um melhor ano. Por isso, manteve o t\u00e9cnico Celso Teixeira e modificou bem o elenco. Dos tr\u00eas grandes do futebol da Para\u00edba, o Galo \u00e9 quem vive a maior seca: n\u00e3o levanta a ta\u00e7a do estadual desde 2011. O jejum \u00e9 grande. Por\u00e9m, a expectativa \u00e9 que, depois de viver o caos, o Treze possa respirar mais aliviado. Na pr\u00e9-temporada, o time disputou sete partidas, sendo tr\u00eas vit\u00f3rias, tr\u00eas empates e uma derrota.<\/p>\n\n\n\n<p>O mesmo n\u00e3o se pode dizer do CSP. O Tigre s\u00f3 n\u00e3o foi rebaixado no ano passado por conta da decis\u00e3o judicial que tirou pontos e, consequentemente, rebaixou o Esporte de Patos de divis\u00e3o. Passado o perrengue, o time de Jo\u00e3o Pessoa segue sem investir no elenco, apostando na base e buscando surpreender. Contudo, a tend\u00eancia \u00e9 que os pupilos de Josivaldo Alves briguem mesmo contra o rebaixamento. Na prepara\u00e7\u00e3o, o time de Jo\u00e3o Pessoa fez quatro partidas, com tr\u00eas derrotas e um empate.<\/p>\n\n\n\n<p>Transmiss\u00e3o:<\/p>\n\n\n\n<p>GloboEsporte.com: lance a lance, no tradicional Tempo Real, a partir das 19h15.<br>R\u00e1dio CBN Campina Grande: narra\u00e7\u00e3o de Nilton Batista, coment\u00e1rios de Leonardo Alves e reportagens de Bruno Rafael e Gersal Freire.<\/p>\n\n\n\n<p><strong>Treze \u2013 t\u00e9cnico: Celso Teixeira<\/strong><\/p>\n\n\n\n<p>No time do Treze, jogadores como o goleiro Mauro Iguatu, o meia Marcelinho Para\u00edba e o atacante Eduardo foram embora do clube. Por\u00e9m, outras pe\u00e7as de experi\u00eancia chegaram ao Est\u00e1dio Presidente Vargas. S\u00e3o os casos do goleiro Jeferson, ex-Campinense, do meia Almir, que teve passagens por Botafogo e Flamengo, al\u00e9m de Rafael Oliveira, que foi artilheiro do Paraibano em 2015 e 2017 com a camisa do Botafogo-PB, mas retorna ao Treze para 2020.<\/p>\n\n\n\n<p>Com muitas pe\u00e7as e muitos jogos de prepara\u00e7\u00e3o, o t\u00e9cnico Celso Teixeira admitiu que ainda tem d\u00favidas sobre qual time vai iniciar a partida contra o CSP. O Galo deve ir a campo com Jeferson, Gustavo, Breno Calixto, Eduardo, Rafael Ara\u00fajo e Gilmar; Patrick Mota, Ded\u00e9 e Alexandre; Caxito e Rafael Oliveira.<\/p>\n\n\n\n<p><strong>CSP \u2013 t\u00e9cnico: Josivaldo Alves<\/strong><\/p>\n\n\n\n<p>No CSP, o jovem time permanece, mas tamb\u00e9m h\u00e1 jogadores que j\u00e1 possuem uma maior bagagem depois de tantas edi\u00e7\u00f5es disputadas de Campeonato Paraibano. S\u00e3o os casos do goleiro Wallace, um dos mais experientes do grupo, assim como os volantes Luis Gustavo, Emerson Bastos e L\u00e9o Silva. Apesar disso, o Tigre tamb\u00e9m conta com muita juventude, base que foi semifinalista da Copa do Nordeste Sub-20 do ano passado.<\/p>\n\n\n\n<p>O CSP vai para campo com Wallace, Tcharlles, Darlan, Wescley e Felipe; Luis Gustavo, Emerson Bastos, L\u00e9o Silva e Negueba; Paulinho e Di.<\/p>\n\n\n\n<p>Diego Roberto vai ser o \u00e1rbitro principal, com Luis Filipe Gon\u00e7alves e Gleydson Francisco como auxiliares. Thiago Galdino vai ser o quarto \u00e1rbitro.<\/p>\n","protected":false},"excerpt":{"rendered":"<p>Tem time grande estreando no segundo dia de Campeonato Paraibano. \u00c9 o Treze, que recebe o CSP nesta quarta-feira (22), no Est\u00e1dio Amig\u00e3o, em Campina&hellip; <\/p>\n","protected":false},"author":1,"featured_media":148298,"comment_status":"closed","ping_status":"closed","sticky":false,"template":"","format":"standard","meta":{"sfsi_plus_gutenberg_text_before_share":"","sfsi_plus_gutenberg_show_text_before_share":"","sfsi_plus_gutenberg_icon_type":"","sfsi_plus_gutenberg_icon_alignemt":"","sfsi_plus_gutenburg_max_per_row":"","footnotes":""},"categories":[13],"tags":[],"class_list":["post-148293","post","type-post","status-publish","format-standard","has-post-thumbnail","hentry","category-esportes"],"_links":{"self":[{"href":"https:\/\/www.caririemacao.com\/1\/wp-json\/wp\/v2\/posts\/148293","targetHints":{"allow":["GET"]}}],"collection":[{"href":"https:\/\/www.caririemacao.com\/1\/wp-json\/wp\/v2\/posts"}],"about":[{"href":"https:\/\/www.caririemacao.com\/1\/wp-json\/wp\/v2\/types\/post"}],"author":[{"embeddable":true,"href":"https:\/\/www.caririemacao.com\/1\/wp-json\/wp\/v2\/users\/1"}],"replies":[{"embeddable":true,"href":"https:\/\/www.caririemacao.com\/1\/wp-json\/wp\/v2\/comments?post=148293"}],"version-history":[{"count":1,"href":"https:\/\/www.caririemacao.com\/1\/wp-json\/wp\/v2\/posts\/148293\/revisions"}],"predecessor-version":[{"id":148299,"href":"https:\/\/www.caririemacao.com\/1\/wp-json\/wp\/v2\/posts\/148293\/revisions\/148299"}],"wp:featuredmedia":[{"embeddable":true,"href":"https:\/\/www.caririemacao.com\/1\/wp-json\/wp\/v2\/media\/148298"}],"wp:attachment":[{"href":"https:\/\/www.caririemacao.com\/1\/wp-json\/wp\/v2\/media?parent=148293"}],"wp:term":[{"taxonomy":"category","embeddable":true,"href":"https:\/\/www.caririemacao.com\/1\/wp-json\/wp\/v2\/categories?post=148293"},{"taxonomy":"post_tag","embeddable":true,"href":"https:\/\/www.caririemacao.com\/1\/wp-json\/wp\/v2\/tags?post=148293"}],"curies":[{"name":"wp","href":"https:\/\/api.w.org\/{rel}","templated":true}]}}