{"id":148304,"date":"2020-01-22T14:26:44","date_gmt":"2020-01-22T17:26:44","guid":{"rendered":"http:\/\/www.caririemacao.com\/1\/?p=148304"},"modified":"2020-01-22T14:26:44","modified_gmt":"2020-01-22T17:26:44","slug":"programa-preve-construcao-de-mil-imoveis-na-pb","status":"publish","type":"post","link":"https:\/\/www.caririemacao.com\/1\/2020\/01\/22\/programa-preve-construcao-de-mil-imoveis-na-pb\/","title":{"rendered":"Programa prev\u00ea constru\u00e7\u00e3o de mil im\u00f3veis na PB"},"content":{"rendered":"\n<p>O governador Jo\u00e3o Azev\u00eado (sem partido) lan\u00e7ou, nesta quarta-feira (22), o projeto \u201cParceiros da Habita\u00e7\u00e3o\u201d. O programa de constru\u00e7\u00e3o de casas populares do estado prev\u00ea R$ 15 milh\u00f5es em investimentos para a constru\u00e7\u00e3o de mil im\u00f3veis em um primeiro momento.<\/p>\n\n\n\n<p>De acordo com o gestor, o \u201cParceiros da Habita\u00e7\u00e3o\u201d tentar\u00e1 minimizar o impacto da suspens\u00e3o do \u201cMinha Casa Minha Vida\u201d por parte do governo federal.<\/p>\n\n\n\n<p>\u201cO programa visa suprir uma lacuna que temos no momento com rela\u00e7\u00e3o a programa de habita\u00e7\u00e3o no pa\u00eds. Em fun\u00e7\u00e3o do governo federal n\u00e3o ter lan\u00e7ado ainda o seu programa, estabelecemos que lan\u00e7ar\u00edamos esse programa\u201d, afirmou.<\/p>\n\n\n\n<p>\u201c\u00c9 um programa que ser\u00e1 constru\u00eddo a partir de parcerias entre o governo do Estado, entidades que representam a luta pela moradia e os munic\u00edpios. \u00c9 uma divis\u00e3o de responsabilidade e de custos que viabilizar\u00e1 este empreendimento\u201d, disse Jo\u00e3o Azev\u00eado.<\/p>\n\n\n\n<p>O projeto-piloto ser\u00e1 iniciado nos munic\u00edpios de Jo\u00e3o Pessoa, Rem\u00edgio e Barra de S\u00e3o Miguel, onde ser\u00e3o constru\u00eddas 174 resid\u00eancias.<\/p>\n\n\n\n<figure><iframe width=\"590\" height=\"345\" data-src=\"https:\/\/www.youtube.com\/embed\/rOj4mhsHr5g?theme=light&amp;autohide=1&amp;showinfo=0;wmode=transparent;border=none;iv_load_policy=1;rel=0\" allowfullscreen=\"\" src=\"data:image\/svg+xml;base64,PHN2ZyB3aWR0aD0iMSIgaGVpZ2h0PSIxIiB4bWxucz0iaHR0cDovL3d3dy53My5vcmcvMjAwMC9zdmciPjwvc3ZnPg==\" class=\"lazyload\" data-load-mode=\"1\"><\/iframe><\/figure>\n\n\n\n<p><strong>\u201cNovo Minha Casa Minha Vida\u201d<\/strong><\/p>\n\n\n\n<p>O \u201cNovo Minha Casa Minha Vida\u201d, programa de habita\u00e7\u00e3o do governo federal, foi adiado de dezembro do ano passado para 2020, ainda sem data prevista. O projeto est\u00e1 passando por uma releitura por parte da equipe de Desenvolvimento Regional do governo Bolsonaro.<\/p>\n\n\n\n<p>De acordo com o minist\u00e9rio do Desenvolvimento Regional, o projeto prev\u00ea uma redu\u00e7\u00e3o da \u201cFaixa 1\u2033 do projeto \u201dMinha Casa Minha Vida\u201d, que antes compreendia as rendas familiares de at\u00e9 R$ 1.800 e agora vai at\u00e9 R$ 1.200. A redu\u00e7\u00e3o, segundo o ministro Gustavo Canuto, se deve ao fato de que o minist\u00e9rio verificou que, pelas estat\u00edsticas, as fam\u00edlias com renda acima de R$ 1.200 j\u00e1 teriam condi\u00e7\u00e3o de fazer um financiamento imobili\u00e1rio.<\/p>\n\n\n\n<p><strong>MaisPB<\/strong><\/p>\n","protected":false},"excerpt":{"rendered":"<p>O governador Jo\u00e3o Azev\u00eado (sem partido) lan\u00e7ou, nesta quarta-feira (22), o projeto \u201cParceiros da Habita\u00e7\u00e3o\u201d. O programa de constru\u00e7\u00e3o de casas populares do estado prev\u00ea&hellip; <\/p>\n","protected":false},"author":1,"featured_media":124038,"comment_status":"closed","ping_status":"closed","sticky":false,"template":"","format":"standard","meta":{"sfsi_plus_gutenberg_text_before_share":"","sfsi_plus_gutenberg_show_text_before_share":"","sfsi_plus_gutenberg_icon_type":"","sfsi_plus_gutenberg_icon_alignemt":"","sfsi_plus_gutenburg_max_per_row":"","footnotes":""},"categories":[50,2],"tags":[],"class_list":["post-148304","post","type-post","status-publish","format-standard","has-post-thumbnail","hentry","category-destaque","category-geral"],"_links":{"self":[{"href":"https:\/\/www.caririemacao.com\/1\/wp-json\/wp\/v2\/posts\/148304","targetHints":{"allow":["GET"]}}],"collection":[{"href":"https:\/\/www.caririemacao.com\/1\/wp-json\/wp\/v2\/posts"}],"about":[{"href":"https:\/\/www.caririemacao.com\/1\/wp-json\/wp\/v2\/types\/post"}],"author":[{"embeddable":true,"href":"https:\/\/www.caririemacao.com\/1\/wp-json\/wp\/v2\/users\/1"}],"replies":[{"embeddable":true,"href":"https:\/\/www.caririemacao.com\/1\/wp-json\/wp\/v2\/comments?post=148304"}],"version-history":[{"count":1,"href":"https:\/\/www.caririemacao.com\/1\/wp-json\/wp\/v2\/posts\/148304\/revisions"}],"predecessor-version":[{"id":148308,"href":"https:\/\/www.caririemacao.com\/1\/wp-json\/wp\/v2\/posts\/148304\/revisions\/148308"}],"wp:featuredmedia":[{"embeddable":true,"href":"https:\/\/www.caririemacao.com\/1\/wp-json\/wp\/v2\/media\/124038"}],"wp:attachment":[{"href":"https:\/\/www.caririemacao.com\/1\/wp-json\/wp\/v2\/media?parent=148304"}],"wp:term":[{"taxonomy":"category","embeddable":true,"href":"https:\/\/www.caririemacao.com\/1\/wp-json\/wp\/v2\/categories?post=148304"},{"taxonomy":"post_tag","embeddable":true,"href":"https:\/\/www.caririemacao.com\/1\/wp-json\/wp\/v2\/tags?post=148304"}],"curies":[{"name":"wp","href":"https:\/\/api.w.org\/{rel}","templated":true}]}}