{"id":148316,"date":"2020-01-22T14:29:26","date_gmt":"2020-01-22T17:29:26","guid":{"rendered":"http:\/\/www.caririemacao.com\/1\/?p=148316"},"modified":"2020-01-22T14:29:26","modified_gmt":"2020-01-22T17:29:26","slug":"mais-de-62-mil-estudantes-paraibanos-ja-se-inscreveram-no-sisu-diz-mec","status":"publish","type":"post","link":"https:\/\/www.caririemacao.com\/1\/2020\/01\/22\/mais-de-62-mil-estudantes-paraibanos-ja-se-inscreveram-no-sisu-diz-mec\/","title":{"rendered":"Mais de 62 mil estudantes paraibanos j\u00e1 se inscreveram no Sisu, diz MEC"},"content":{"rendered":"\n<p>Mais de 62 mil estudantes paraibanos j\u00e1 realizaram inscri\u00e7\u00e3o para o Sistema de Sele\u00e7\u00e3o Unificada (Sisu) at\u00e9 a manh\u00e3 desta quarta-feira (22). Ao<strong>&nbsp;Portal MaisPB<\/strong>, o Minist\u00e9rio da Educa\u00e7\u00e3o informou que Jo\u00e3o Pessoa lidera o ranking de inscri\u00e7\u00f5es no estado, com 51,2 mil postulantes a uma das vagas em institui\u00e7\u00f5es federais de ensino superior.<\/p>\n\n\n\n<p>Como cada estudante pode se inscrever em at\u00e9 dois cursos, o MEC j\u00e1 registrou 103 mil inscri\u00e7\u00f5es no estado.<\/p>\n\n\n\n<p>Em todo pa\u00eds, 993 mil pessoas se inscreveram no programa no primeiro dia. \u201cO n\u00famero \u00e9 mais do que o dobro do ano anterior, quando fechamos em 492 mil inscritos\u201d, afirmou o ministro da Educa\u00e7\u00e3o, Abraham Weintraub. O per\u00edodo para inscri\u00e7\u00f5es fica aberto at\u00e9 as 23h59 de domingo, 26.<\/p>\n\n\n\n<p>O Sisu \u00e9 a principal maneira de acessar o ensino superior p\u00fablico com a nota do Ensino Nacional do Ensino M\u00e9dio (Enem), divulgada na semana passada. Para participar da sele\u00e7\u00e3o, \u00e9 obrigat\u00f3rio n\u00e3o ter zerado a reda\u00e7\u00e3o na edi\u00e7\u00e3o de 2019 do exame. Neste semestre, s\u00e3o 237.128 vagas em 128 institui\u00e7\u00f5es de ensino superior p\u00fablicas de todo o pa\u00eds. A inscri\u00e7\u00e3o \u00e9 gratuita e deve ser feita na p\u00e1gina do programa na internet.<\/p>\n\n\n\n<p>Entenda \u2013 No momento da inscri\u00e7\u00e3o, o candidato deve escolher at\u00e9 duas op\u00e7\u00f5es de cursos ofertados pelas institui\u00e7\u00f5es participantes. Por fim, o sistema seleciona os mais bem classificados em cada curso, de acordo com as notas no Enem e eventuais pondera\u00e7\u00f5es, como pesos atribu\u00eddos \u00e0s notas ou b\u00f4nus. Caso o desempenho do candidato permita o ingresso nos dois cursos, prevalecer\u00e1 a primeira op\u00e7\u00e3o, com apenas uma chamada para matr\u00edcula.<\/p>\n\n\n\n<p>Inicialmente, a data final de inscri\u00e7\u00f5es seria sexta-feira, 24. Com as inconsist\u00eancias na corre\u00e7\u00e3o das provas do Enem, o Minist\u00e9rio da Educa\u00e7\u00e3o (MEC) decidiu dar mais tempo para os estudantes, para evitar preju\u00edzos.<\/p>\n\n\n\n<p>Os resultados ser\u00e3o divulgados no dia 28 de janeiro. Eis o restante do cronograma:<\/p>\n\n\n\n<ul class=\"wp-block-list\"><li>matr\u00edcula ou registro acad\u00eamico nas institui\u00e7\u00f5es participantes: at\u00e9 4 de fevereiro;<\/li><li>lan\u00e7amento da ocupa\u00e7\u00e3o nas vagas pelas institui\u00e7\u00f5es participantes: at\u00e9 7 de fevereiro;<\/li><li>manifesta\u00e7\u00e3o de interesse para constar na lista de espera: at\u00e9 as 23h59 de 4 de fevereiro.<\/li><\/ul>\n\n\n\n<p><strong>MaisPB<\/strong><\/p>\n","protected":false},"excerpt":{"rendered":"<p>Mais de 62 mil estudantes paraibanos j\u00e1 realizaram inscri\u00e7\u00e3o para o Sistema de Sele\u00e7\u00e3o Unificada (Sisu) at\u00e9 a manh\u00e3 desta quarta-feira (22). Ao&nbsp;Portal MaisPB, o&hellip; <\/p>\n","protected":false},"author":1,"featured_media":147920,"comment_status":"closed","ping_status":"closed","sticky":false,"template":"","format":"standard","meta":{"sfsi_plus_gutenberg_text_before_share":"","sfsi_plus_gutenberg_show_text_before_share":"","sfsi_plus_gutenberg_icon_type":"","sfsi_plus_gutenberg_icon_alignemt":"","sfsi_plus_gutenburg_max_per_row":"","footnotes":""},"categories":[14],"tags":[],"class_list":["post-148316","post","type-post","status-publish","format-standard","has-post-thumbnail","hentry","category-educacao"],"_links":{"self":[{"href":"https:\/\/www.caririemacao.com\/1\/wp-json\/wp\/v2\/posts\/148316","targetHints":{"allow":["GET"]}}],"collection":[{"href":"https:\/\/www.caririemacao.com\/1\/wp-json\/wp\/v2\/posts"}],"about":[{"href":"https:\/\/www.caririemacao.com\/1\/wp-json\/wp\/v2\/types\/post"}],"author":[{"embeddable":true,"href":"https:\/\/www.caririemacao.com\/1\/wp-json\/wp\/v2\/users\/1"}],"replies":[{"embeddable":true,"href":"https:\/\/www.caririemacao.com\/1\/wp-json\/wp\/v2\/comments?post=148316"}],"version-history":[{"count":1,"href":"https:\/\/www.caririemacao.com\/1\/wp-json\/wp\/v2\/posts\/148316\/revisions"}],"predecessor-version":[{"id":148319,"href":"https:\/\/www.caririemacao.com\/1\/wp-json\/wp\/v2\/posts\/148316\/revisions\/148319"}],"wp:featuredmedia":[{"embeddable":true,"href":"https:\/\/www.caririemacao.com\/1\/wp-json\/wp\/v2\/media\/147920"}],"wp:attachment":[{"href":"https:\/\/www.caririemacao.com\/1\/wp-json\/wp\/v2\/media?parent=148316"}],"wp:term":[{"taxonomy":"category","embeddable":true,"href":"https:\/\/www.caririemacao.com\/1\/wp-json\/wp\/v2\/categories?post=148316"},{"taxonomy":"post_tag","embeddable":true,"href":"https:\/\/www.caririemacao.com\/1\/wp-json\/wp\/v2\/tags?post=148316"}],"curies":[{"name":"wp","href":"https:\/\/api.w.org\/{rel}","templated":true}]}}