{"id":148321,"date":"2020-01-22T14:35:14","date_gmt":"2020-01-22T17:35:14","guid":{"rendered":"http:\/\/www.caririemacao.com\/1\/?p=148321"},"modified":"2020-01-22T14:35:14","modified_gmt":"2020-01-22T17:35:14","slug":"secretaria-de-saude-de-monteiro-faz-entrega-de-ortese-e-proteses-a-usuarios-com-deficiencia","status":"publish","type":"post","link":"https:\/\/www.caririemacao.com\/1\/2020\/01\/22\/secretaria-de-saude-de-monteiro-faz-entrega-de-ortese-e-proteses-a-usuarios-com-deficiencia\/","title":{"rendered":"Secretaria de Sa\u00fade de Monteiro faz entrega de \u00d3rtese e Pr\u00f3teses a usu\u00e1rios com defici\u00eancia"},"content":{"rendered":"\n<p>Na manh\u00e3 da \u00faltima sexta-feira, 17, a Secretaria Municipal de Sa\u00fade atendeu aproximadamente 30 usu\u00e1rios dos servi\u00e7os de sa\u00fade com a entrega de Cadeiras de Rodas e Cadeiras de Banho a portadores de defici\u00eancia.<\/p>\n\n\n\n<p>\u201cTodos os anos a Secretaria de Sa\u00fade atende estas demandas em etapas de acordo com a disponibilidade financeira e organiza\u00e7\u00e3o burocr\u00e1tica. Nesta etapa foi investido um valor superior a R$ 11.000,00 (onze mil reais) com aquisi\u00e7\u00e3o destas \u00f3rteses, oriundos de recursos do &nbsp;MAC\u201d, informa a secret\u00e1ria da pasta, Paula Oliveira .<\/p>\n\n\n\n<p>Para ser beneficiado o usu\u00e1rio dever\u00e1 efetuar o cadastro na Secretaria Municipal de Sa\u00fade no Departamento de Auditoria, sobre a responsabilidade do coordenador Leonardo, munido do Laudo de APAC solicitado pelo m\u00e9dico e xerox dos documentos pessoais do deficiente: RG, CPF, Comprovante de Resid\u00eancia e Cart\u00e3o SUS.<\/p>\n\n\n\n<p>\u201cS\u00e3o a\u00e7\u00f5es como esta que a gest\u00e3o municipal vem fortalecendo cada vez mais a Rede de cuidados as pessoas com Defici\u00eancia\u201d, afirma Paula Oliveira.<\/p>\n\n\n\n<p>SECOM<\/p>\n\n\n\n<figure class=\"wp-block-image\"><img decoding=\"async\" data-src=\"http:\/\/hora1pb.com.br\/wp-content\/uploads\/2020\/01\/Secretaria-de-Sa%C3%BAde-de-Monteiro-faz-entrega-de-%C3%93rtese-e-Pr%C3%B3teses-a-usu%C3%A1rios-com-defici%C3%AAncia-4-300x199.jpeg\" alt=\"\" class=\"wp-image-16940 lazyload\" src=\"data:image\/svg+xml;base64,PHN2ZyB3aWR0aD0iMSIgaGVpZ2h0PSIxIiB4bWxucz0iaHR0cDovL3d3dy53My5vcmcvMjAwMC9zdmciPjwvc3ZnPg==\" style=\"--smush-placeholder-width: 300px; --smush-placeholder-aspect-ratio: 300\/199;\" \/><\/figure>\n","protected":false},"excerpt":{"rendered":"<p>Na manh\u00e3 da \u00faltima sexta-feira, 17, a Secretaria Municipal de Sa\u00fade atendeu aproximadamente 30 usu\u00e1rios dos servi\u00e7os de sa\u00fade com a entrega de Cadeiras de&hellip; <\/p>\n","protected":false},"author":1,"featured_media":148326,"comment_status":"closed","ping_status":"closed","sticky":false,"template":"","format":"standard","meta":{"sfsi_plus_gutenberg_text_before_share":"","sfsi_plus_gutenberg_show_text_before_share":"","sfsi_plus_gutenberg_icon_type":"","sfsi_plus_gutenberg_icon_alignemt":"","sfsi_plus_gutenburg_max_per_row":"","footnotes":""},"categories":[6],"tags":[],"class_list":["post-148321","post","type-post","status-publish","format-standard","has-post-thumbnail","hentry","category-cidades"],"_links":{"self":[{"href":"https:\/\/www.caririemacao.com\/1\/wp-json\/wp\/v2\/posts\/148321","targetHints":{"allow":["GET"]}}],"collection":[{"href":"https:\/\/www.caririemacao.com\/1\/wp-json\/wp\/v2\/posts"}],"about":[{"href":"https:\/\/www.caririemacao.com\/1\/wp-json\/wp\/v2\/types\/post"}],"author":[{"embeddable":true,"href":"https:\/\/www.caririemacao.com\/1\/wp-json\/wp\/v2\/users\/1"}],"replies":[{"embeddable":true,"href":"https:\/\/www.caririemacao.com\/1\/wp-json\/wp\/v2\/comments?post=148321"}],"version-history":[{"count":1,"href":"https:\/\/www.caririemacao.com\/1\/wp-json\/wp\/v2\/posts\/148321\/revisions"}],"predecessor-version":[{"id":148327,"href":"https:\/\/www.caririemacao.com\/1\/wp-json\/wp\/v2\/posts\/148321\/revisions\/148327"}],"wp:featuredmedia":[{"embeddable":true,"href":"https:\/\/www.caririemacao.com\/1\/wp-json\/wp\/v2\/media\/148326"}],"wp:attachment":[{"href":"https:\/\/www.caririemacao.com\/1\/wp-json\/wp\/v2\/media?parent=148321"}],"wp:term":[{"taxonomy":"category","embeddable":true,"href":"https:\/\/www.caririemacao.com\/1\/wp-json\/wp\/v2\/categories?post=148321"},{"taxonomy":"post_tag","embeddable":true,"href":"https:\/\/www.caririemacao.com\/1\/wp-json\/wp\/v2\/tags?post=148321"}],"curies":[{"name":"wp","href":"https:\/\/api.w.org\/{rel}","templated":true}]}}