{"id":148363,"date":"2020-01-23T07:19:54","date_gmt":"2020-01-23T10:19:54","guid":{"rendered":"http:\/\/www.caririemacao.com\/1\/?p=148363"},"modified":"2020-01-23T07:19:56","modified_gmt":"2020-01-23T10:19:56","slug":"bolsonaro-diz-a-secretarios-que-pode-recriar-ministerio-de-seguranca-publica","status":"publish","type":"post","link":"https:\/\/www.caririemacao.com\/1\/2020\/01\/23\/bolsonaro-diz-a-secretarios-que-pode-recriar-ministerio-de-seguranca-publica\/","title":{"rendered":"Bolsonaro diz a secret\u00e1rios que pode recriar Minist\u00e9rio de Seguran\u00e7a P\u00fablica"},"content":{"rendered":"\n<p>Em reuni\u00e3o com secret\u00e1rios de Seguran\u00e7a P\u00fablica, o presidente Jair Bolsonaro admitiu nesta quarta-feira (22) que poder\u00e1 recriar o Minist\u00e9rio de Seguran\u00e7a P\u00fablica.&nbsp;<\/p>\n\n\n\n<p>&#8220;Uma proposta tamb\u00e9m que trouxeram aqui que seria a possibilidade de recria\u00e7\u00e3o do Minist\u00e9rio da Seguran\u00e7a. Talvez, pelo anseio popular de ter dificuldade nessa \u00e1rea, [e de a seguran\u00e7a] ser talvez o ponto mais sens\u00edvel em cada Estado, essa poss\u00edvel recria\u00e7\u00e3o poderia melhor gerir a quest\u00e3o da Seguran\u00e7a. \u00c9 esse o entendimento dos senhores? [governadores consentem]. N\u00f3s estudaremos essas quest\u00f5es aqui e daremos uma resposta o mais r\u00e1pido poss\u00edvel&#8221;, disse o presidente durante o encontro.<\/p>\n\n\n\n<p>A reuni\u00e3o, realizada no Pal\u00e1cio do Planalto, foi transmitida ao vivo por meio das redes sociais de Bolsonaro. Al\u00e9m do presidente e dos secret\u00e1rios, participaram do encontro os ministros Jorge Oliveira (Secretaria-Geral), Luiz Eduardo Ramos (Secretaria de Governo) e Augusto Heleno (GSI).&nbsp;<\/p>\n\n\n\n<p>Uma eventual recria\u00e7\u00e3o do Minist\u00e9rio de Seguran\u00e7a P\u00fablica significaria uma redu\u00e7\u00e3o de poder de Sergio Moro, hoje titular da pasta que abriga o tema junto da Justi\u00e7a. Moro n\u00e3o estava presente no encontro.&nbsp;<\/p>\n\n\n\n<p>Moro foi convidado a compor o governo Bolsonaro em outubro de 2018 com a promessa de receber uma &#8220;superpasta&#8221;, que abrigaria Justi\u00e7a, Seguran\u00e7a P\u00fablica e o extinto Coaf.<\/p>\n\n\n\n<p>Em desentendimentos com o Congresso, o ministro viu seus planos modificados e o Coaf foi transferido para o Minist\u00e9rio da Economia e, posteriormente, para o Banco Central.<\/p>\n\n\n\n<p>O Minist\u00e9rio da Seguran\u00e7a P\u00fablica foi extinto por Bolsonaro no in\u00edcio de 2019. Na configura\u00e7\u00e3o anterior, do governo de Michel Temer, a pasta reunia tamb\u00e9m a Pol\u00edcia Federal, hoje no Minist\u00e9rio da Justi\u00e7a.&nbsp;<\/p>\n\n\n\n<p>Al\u00e9m da proposta sobre a composi\u00e7\u00e3o ministerial, o secret\u00e1rio de Seguran\u00e7a P\u00fablica da Bahia, Maur\u00edcio Teles Barbosa, apresentou uma lista de demandas dos estados para o presidente da Rep\u00fablica. Ele \u00e9 o presidente do Consesp (Col\u00e9gio Nacional de Secret\u00e1rios de Seguran\u00e7a P\u00fablica).<\/p>\n\n\n\n<p>Entre os pedidos trazidos a Bolsonaro est\u00e3o tamb\u00e9m o aumento de recursos para seguran\u00e7a e a redu\u00e7\u00e3o de IPI (imposto sobre produtos industrializados) para equipamentos de seguran\u00e7a.&nbsp;<\/p>\n\n\n\n<p>Ap\u00f3s pouco mais de um ano no Pal\u00e1cio do Planalto, Bolsonaro ainda n\u00e3o tirou do papel mais da metade das promessas que fez para reduzir a viol\u00eancia e a criminalidade no pa\u00eds.<\/p>\n\n\n\n<p>A seguran\u00e7a p\u00fablica foi a grande aposta da campanha bolsonarista e \u00e9 um de seus trunfos para alavancar uma reelei\u00e7\u00e3o em 2022. At\u00e9 agora, no entanto, s\u00f3 foram cumpridas 4 das 18 metas para a \u00e1rea anunciadas por Bolsonaro. Outras tr\u00eas come\u00e7am a ser postas em pr\u00e1tica.<\/p>\n\n\n\n<p>Continuam na gaveta propostas como acabar com as audi\u00eancias de cust\u00f3dia (que garantem o encontro entre a pessoa presa e um juiz em at\u00e9 24 horas); reduzir a maioridade penal para 16 anos; construir pres\u00eddios; tipificar a\u00e7\u00f5es do MST como terrorismo; usar as For\u00e7as Armadas contra o crime organizado; e gravar no Pante\u00e3o da P\u00e1tria e da Liberdade, em Bras\u00edlia, o nome de policiais mortos.<\/p>\n\n\n\n<p>Outras metas est\u00e3o travadas no Congresso, como diminuir de 25 para 21 anos a idade m\u00ednima para obter acesso a armas. Por enquanto, os parlamentares s\u00f3 permitiram a aquisi\u00e7\u00e3o de armamento mais cedo em \u00e1rea rural.<\/p>\n\n\n\n<p>Outra pauta emperrada \u00e9 a do excludente de ilicitude para policiais, que apareceu no pacote anticrime, apresentado pelo ministro da Justi\u00e7a, Sergio Moro. O trecho que isentava policiais que matassem em servi\u00e7o de responder \u00e0 Justi\u00e7a em caso de &#8220;medo ou violenta emo\u00e7\u00e3o&#8221; foi retirado pelos deputados antes de o projeto ser aprovado no Congresso sem as principais bandeiras bolsonaristas.&nbsp;<\/p>\n\n\n\n<p>O presidente tamb\u00e9m conseguiu acelerar a tend\u00eancia de queda no \u00edndice de homic\u00eddios nos primeiros oito meses do ano. Dados preliminares do governo indicam que a redu\u00e7\u00e3o est\u00e1 na casa de 20%.<\/p>\n\n\n\n<p>Se confirmados esses dados quando houver consolida\u00e7\u00e3o das ocorr\u00eancias no ano, isso significa que deixaram de ser mortas 7.000 pessoas em compara\u00e7\u00e3o com 2018. Ca\u00edram tamb\u00e9m latroc\u00ednios, roubos de carga, ve\u00edculos e a banco.<\/p>\n\n\n\n<p>Os \u00edndices t\u00eam sido comemorados pelo ministro da Justi\u00e7a e Seguran\u00e7a P\u00fablica, Sergio Moro, como m\u00e9rito da gest\u00e3o bolsonarista.&nbsp;&nbsp;<\/p>\n","protected":false},"excerpt":{"rendered":"<p>Em reuni\u00e3o com secret\u00e1rios de Seguran\u00e7a P\u00fablica, o presidente Jair Bolsonaro admitiu nesta quarta-feira (22) que poder\u00e1 recriar o Minist\u00e9rio de Seguran\u00e7a P\u00fablica.&nbsp; &#8220;Uma proposta&hellip; <\/p>\n","protected":false},"author":1,"featured_media":147431,"comment_status":"closed","ping_status":"closed","sticky":false,"template":"","format":"standard","meta":{"sfsi_plus_gutenberg_text_before_share":"","sfsi_plus_gutenberg_show_text_before_share":"","sfsi_plus_gutenberg_icon_type":"","sfsi_plus_gutenberg_icon_alignemt":"","sfsi_plus_gutenburg_max_per_row":"","footnotes":""},"categories":[11],"tags":[],"class_list":["post-148363","post","type-post","status-publish","format-standard","has-post-thumbnail","hentry","category-politica"],"_links":{"self":[{"href":"https:\/\/www.caririemacao.com\/1\/wp-json\/wp\/v2\/posts\/148363","targetHints":{"allow":["GET"]}}],"collection":[{"href":"https:\/\/www.caririemacao.com\/1\/wp-json\/wp\/v2\/posts"}],"about":[{"href":"https:\/\/www.caririemacao.com\/1\/wp-json\/wp\/v2\/types\/post"}],"author":[{"embeddable":true,"href":"https:\/\/www.caririemacao.com\/1\/wp-json\/wp\/v2\/users\/1"}],"replies":[{"embeddable":true,"href":"https:\/\/www.caririemacao.com\/1\/wp-json\/wp\/v2\/comments?post=148363"}],"version-history":[{"count":1,"href":"https:\/\/www.caririemacao.com\/1\/wp-json\/wp\/v2\/posts\/148363\/revisions"}],"predecessor-version":[{"id":148364,"href":"https:\/\/www.caririemacao.com\/1\/wp-json\/wp\/v2\/posts\/148363\/revisions\/148364"}],"wp:featuredmedia":[{"embeddable":true,"href":"https:\/\/www.caririemacao.com\/1\/wp-json\/wp\/v2\/media\/147431"}],"wp:attachment":[{"href":"https:\/\/www.caririemacao.com\/1\/wp-json\/wp\/v2\/media?parent=148363"}],"wp:term":[{"taxonomy":"category","embeddable":true,"href":"https:\/\/www.caririemacao.com\/1\/wp-json\/wp\/v2\/categories?post=148363"},{"taxonomy":"post_tag","embeddable":true,"href":"https:\/\/www.caririemacao.com\/1\/wp-json\/wp\/v2\/tags?post=148363"}],"curies":[{"name":"wp","href":"https:\/\/api.w.org\/{rel}","templated":true}]}}