{"id":148366,"date":"2020-01-23T07:21:09","date_gmt":"2020-01-23T10:21:09","guid":{"rendered":"http:\/\/www.caririemacao.com\/1\/?p=148366"},"modified":"2020-01-23T07:21:10","modified_gmt":"2020-01-23T10:21:10","slug":"fux-suspende-atuacao-do-juiz-de-garantias-ate-decisao-do-merito","status":"publish","type":"post","link":"https:\/\/www.caririemacao.com\/1\/2020\/01\/23\/fux-suspende-atuacao-do-juiz-de-garantias-ate-decisao-do-merito\/","title":{"rendered":"Fux suspende atua\u00e7\u00e3o do juiz de garantias at\u00e9 decis\u00e3o do m\u00e9rito"},"content":{"rendered":"\n<p>O vice-presidente do Supremo Tribunal Federal (STF), ministro Luiz Fux, decidiu hoje (22) suspender a aplica\u00e7\u00e3o do mecanismo do juiz de garantias pela Justi\u00e7a, at\u00e9 o plen\u00e1rio da Corte julgar o m\u00e9rito da a\u00e7\u00e3o.<\/p>\n\n\n\n<p>A decis\u00e3o&nbsp;<a href=\"http:\/\/agenciabrasil.ebc.com.br\/justica\/noticia\/2020-01\/toffoli-adia-em-6-meses-implementacao-do-juiz-de-garantias\" target=\"_blank\" rel=\"noreferrer noopener\">anula liminar proferida pelo presidente do STF, ministro Dias Toffoli<\/a>, que, na semana passada, suspendeu a aplica\u00e7\u00e3o das regras por seis meses. Toffoli chegou a criar um grupo de trabalho no Conselho Nacional de Justi\u00e7a (CNJ), \u00f3rg\u00e3o que tamb\u00e9m \u00e9 presidido por ele, para discutir a implementa\u00e7\u00e3o do juiz de garantias.<\/p>\n\n\n\n<p>A decis\u00e3o de Fux foi motivada por nova a\u00e7\u00e3o protocolada pela Associa\u00e7\u00e3o Nacional dos Membros do Minist\u00e9rio P\u00fablico (Conamp). Para a entidade, a medida deveria ser suspensa at\u00e9 o julgamento definitivo por violar princ\u00edpios constitucionais.<\/p>\n\n\n\n<p>A suspens\u00e3o vale at\u00e9 o julgamento de m\u00e9rito da a\u00e7\u00e3o pelo plen\u00e1rio da Corte, que n\u00e3o tem data para ocorrer.<\/p>\n\n\n\n<p>Fux ocupa interinamente a presid\u00eancia da Corte no per\u00edodo de f\u00e9rias de Toffoli at\u00e9 29 de janeiro.<\/p>\n\n\n\n<h2 class=\"wp-block-heading\">Entenda<\/h2>\n\n\n\n<p>A ado\u00e7\u00e3o do juiz de garantias estava prevista para entrar em vigor no dia 23 deste m\u00eas, conforme o pacote anticrime aprovado pelo Congresso Nacional e&nbsp;<a href=\"http:\/\/agenciabrasil.ebc.com.br\/politica\/noticia\/2019-12\/bolsonaro-sanciona-projeto-anticrime-aprovado-pelo-congresso\" target=\"_blank\" rel=\"noreferrer noopener\">sancionado em dezembro pelo presidente Jair Bolsonaro<\/a>.<\/p>\n\n\n\n<p>Entre diversas altera\u00e7\u00f5es no C\u00f3digo de Processo Penal (CPP), o pacote anticrime (<a href=\"http:\/\/www.planalto.gov.br\/ccivil_03\/_ato2019-2022\/2019\/lei\/L13964.htm\" target=\"_blank\" rel=\"noreferrer noopener\">Lei 13.964\/2019<\/a>) estabeleceu o juiz de garantias, que \u00e9 o magistrado que deve atuar na fase de investiga\u00e7\u00e3o criminal, decidindo sobre todos os pedidos do Minist\u00e9rio P\u00fablico ou da autoridade policial que digam respeito \u00e0 apura\u00e7\u00e3o de um crime, como, por exemplo, quebras de sigilo ou pris\u00f5es preventivas. Ele, contudo, n\u00e3o poder\u00e1 proferir senten\u00e7as.<\/p>\n\n\n\n<p>De acordo com nova a lei, a atua\u00e7\u00e3o do juiz de garantais se encerra ap\u00f3s ele decidir se aceita eventual den\u00fancia apresentada pelo Minist\u00e9rio P\u00fablico. Caso a pe\u00e7a acusat\u00f3ria seja aceita, \u00e9 aberta uma a\u00e7\u00e3o penal, na qual passa a atuar outro juiz, que ficar\u00e1 encarregado de ouvir as partes, estudar as alega\u00e7\u00f5es finais e proferir uma senten\u00e7a.<\/p>\n\n\n\n<p>A divis\u00e3o de tarefas \u00e9 elogiada por advogados criminalistas, que veem no juiz de garantias um avan\u00e7o para a imparcialidade dos julgamentos. No entanto, alguns magistrados e autoridades, como o ministro da Justi\u00e7a e Seguran\u00e7a P\u00fablica, Sergio Moro, criticam a ado\u00e7\u00e3o do juiz de garantias como previsto na lei, e apontam dificuldades operacionais e or\u00e7ament\u00e1rias para a sua implementa\u00e7\u00e3o, que veem como desnecess\u00e1ria no momento, al\u00e9m de minar o poder dos ju\u00edzes de primeira inst\u00e2ncia.<\/p>\n\n\n\n<h2 class=\"wp-block-heading\">Moro<\/h2>\n\n\n\n<p>O ministro de Justi\u00e7a e Seguran\u00e7a P\u00fablica, Sergio Moro, comentou em seu Twitter pessoal sobre a decis\u00e3o do ministro&nbsp;Luiz Fux. Moro elogiu a decis\u00e3o de Fux de suspender a&nbsp; aplica\u00e7\u00e3o do mecanismo do juiz de garantias e disse que n\u00e3o se trata &#8220;simplesmente de ser contra ou a favor&#8221; do mecanismo. Segundo o ministro, uma &#8220;mudan\u00e7a estrutural da Justi\u00e7a brasileira demanda grande estudo e reflex\u00e3o. N\u00e3o pode ser feita de inopino.&#8221;&nbsp;<\/p>\n\n\n\n<figure class=\"wp-block-image\"><a href=\"https:\/\/twitter.com\/SF_Moro\"><img decoding=\"async\" data-src=\"https:\/\/pbs.twimg.com\/profile_images\/1113126472225619968\/HOtiwqV9_bigger.png\" alt=\"\" src=\"data:image\/svg+xml;base64,PHN2ZyB3aWR0aD0iMSIgaGVpZ2h0PSIxIiB4bWxucz0iaHR0cDovL3d3dy53My5vcmcvMjAwMC9zdmciPjwvc3ZnPg==\" class=\"lazyload\" \/><\/a><\/figure>\n\n\n\n<p><a href=\"https:\/\/twitter.com\/SF_Moro\"><strong>Sergio Moro<\/strong><strong>&#x2714;<\/strong>@SF_Moro<\/a><a href=\"https:\/\/twitter.com\/SF_Moro\/status\/1220094706257887234\"><\/a><\/p>\n\n\n\n<p>Sempre disse que era, com todo respeito, contra a introdu\u00e7\u00e3o do juiz de garantias no projeto anticrime. Cumpre, portanto, elogiar a decis\u00e3o do Min Fux suspendendo, no ponto, a Lei 13.964\/2019.N\u00e3o se trata simplesmente de ser contra ou a favor do juiz de garantias. Uma mudan\u00e7a ..<a href=\"https:\/\/twitter.com\/intent\/like?tweet_id=1220094706257887234\">38&nbsp;mil<\/a><a href=\"https:\/\/twitter.com\/SF_Moro\/status\/1220094706257887234\">18:23 &#8211; 22 de jan de 2020<\/a><a href=\"https:\/\/support.twitter.com\/articles\/20175256\">Informa\u00e7\u00f5es e privacidade no Twitter Ads<\/a><a href=\"https:\/\/twitter.com\/SF_Moro\/status\/1220094706257887234\">7.713 pessoas est\u00e3o falando sobre isso<\/a><\/p>\n\n\n\n<p>Moro tamb\u00e9m considerou ser excelente a ideia da realiza\u00e7\u00e3o de audi\u00eancias p\u00fablicas na a\u00e7\u00e3o perante o STF, o que deve aumentar o debate sobre o tema.<\/p>\n\n\n\n<figure class=\"wp-block-image\"><a href=\"https:\/\/twitter.com\/SF_Moro\"><img decoding=\"async\" data-src=\"https:\/\/pbs.twimg.com\/profile_images\/1113126472225619968\/HOtiwqV9_bigger.png\" alt=\"\" src=\"data:image\/svg+xml;base64,PHN2ZyB3aWR0aD0iMSIgaGVpZ2h0PSIxIiB4bWxucz0iaHR0cDovL3d3dy53My5vcmcvMjAwMC9zdmciPjwvc3ZnPg==\" class=\"lazyload\" \/><\/a><\/figure>\n\n\n\n<p><a href=\"https:\/\/twitter.com\/SF_Moro\"><strong>Sergio Moro<\/strong><strong>&#x2714;<\/strong>@SF_Moro<\/a>&nbsp;\u00b7&nbsp;<a href=\"https:\/\/twitter.com\/SF_Moro\/status\/1220094707335946240\">12<abbr title=\" horas\">h<\/abbr><\/a><a href=\"https:\/\/twitter.com\/SF_Moro\/status\/1220094707335946240\"><\/a><a href=\"https:\/\/twitter.com\/_\/status\/1220094706257887234\">Respondendo a @SF_Moro<\/a><\/p>\n\n\n\n<p>Uma mudan\u00e7a estrutural da Justi\u00e7a brasileira demanda grande estudo e reflex\u00e3o. N\u00e3o pode ser feita de inopino. Complicado ainda exigir que o Judici\u00e1rio corrija omiss\u00f5es ou imperfei\u00e7\u00f5es de texto rec\u00e9m aprovado, como se fosse legislador positivo. Excelente ainda &#8230;<\/p>\n\n\n\n<figure class=\"wp-block-image\"><a href=\"https:\/\/twitter.com\/SF_Moro\"><img decoding=\"async\" data-src=\"https:\/\/pbs.twimg.com\/profile_images\/1113126472225619968\/HOtiwqV9_bigger.png\" alt=\"\" src=\"data:image\/svg+xml;base64,PHN2ZyB3aWR0aD0iMSIgaGVpZ2h0PSIxIiB4bWxucz0iaHR0cDovL3d3dy53My5vcmcvMjAwMC9zdmciPjwvc3ZnPg==\" class=\"lazyload\" \/><\/a><\/figure>\n\n\n\n<p><a href=\"https:\/\/twitter.com\/SF_Moro\"><strong>Sergio Moro<\/strong><strong>&#x2714;<\/strong>@SF_Moro<\/a><\/p>\n\n\n\n<p>Excelente ainda a id\u00e9ia de realiza\u00e7\u00e3o de audi\u00eancias p\u00fablicas na a\u00e7\u00e3o perante o STF, o que na pr\u00e1tica convida a todos para melhor debate.<a href=\"https:\/\/twitter.com\/intent\/like?tweet_id=1220094708510314499\">16,8&nbsp;mil<\/a><a href=\"https:\/\/twitter.com\/SF_Moro\/status\/1220094708510314499\">18:23 &#8211; 22 de jan de 2020<\/a><a href=\"https:\/\/support.twitter.com\/articles\/20175256\">Informa\u00e7\u00f5es e privacidade no Twitter Ads<\/a><a href=\"https:\/\/twitter.com\/SF_Moro\/status\/1220094708510314499\">2.141 pessoas est\u00e3o fal<\/a><\/p>\n","protected":false},"excerpt":{"rendered":"<p>O vice-presidente do Supremo Tribunal Federal (STF), ministro Luiz Fux, decidiu hoje (22) suspender a aplica\u00e7\u00e3o do mecanismo do juiz de garantias pela Justi\u00e7a, at\u00e9&hellip; <\/p>\n","protected":false},"author":1,"featured_media":148367,"comment_status":"closed","ping_status":"closed","sticky":false,"template":"","format":"standard","meta":{"sfsi_plus_gutenberg_text_before_share":"","sfsi_plus_gutenberg_show_text_before_share":"","sfsi_plus_gutenberg_icon_type":"","sfsi_plus_gutenberg_icon_alignemt":"","sfsi_plus_gutenburg_max_per_row":"","footnotes":""},"categories":[2],"tags":[],"class_list":["post-148366","post","type-post","status-publish","format-standard","has-post-thumbnail","hentry","category-geral"],"_links":{"self":[{"href":"https:\/\/www.caririemacao.com\/1\/wp-json\/wp\/v2\/posts\/148366","targetHints":{"allow":["GET"]}}],"collection":[{"href":"https:\/\/www.caririemacao.com\/1\/wp-json\/wp\/v2\/posts"}],"about":[{"href":"https:\/\/www.caririemacao.com\/1\/wp-json\/wp\/v2\/types\/post"}],"author":[{"embeddable":true,"href":"https:\/\/www.caririemacao.com\/1\/wp-json\/wp\/v2\/users\/1"}],"replies":[{"embeddable":true,"href":"https:\/\/www.caririemacao.com\/1\/wp-json\/wp\/v2\/comments?post=148366"}],"version-history":[{"count":1,"href":"https:\/\/www.caririemacao.com\/1\/wp-json\/wp\/v2\/posts\/148366\/revisions"}],"predecessor-version":[{"id":148368,"href":"https:\/\/www.caririemacao.com\/1\/wp-json\/wp\/v2\/posts\/148366\/revisions\/148368"}],"wp:featuredmedia":[{"embeddable":true,"href":"https:\/\/www.caririemacao.com\/1\/wp-json\/wp\/v2\/media\/148367"}],"wp:attachment":[{"href":"https:\/\/www.caririemacao.com\/1\/wp-json\/wp\/v2\/media?parent=148366"}],"wp:term":[{"taxonomy":"category","embeddable":true,"href":"https:\/\/www.caririemacao.com\/1\/wp-json\/wp\/v2\/categories?post=148366"},{"taxonomy":"post_tag","embeddable":true,"href":"https:\/\/www.caririemacao.com\/1\/wp-json\/wp\/v2\/tags?post=148366"}],"curies":[{"name":"wp","href":"https:\/\/api.w.org\/{rel}","templated":true}]}}