{"id":148371,"date":"2020-01-23T07:22:20","date_gmt":"2020-01-23T10:22:20","guid":{"rendered":"http:\/\/www.caririemacao.com\/1\/?p=148371"},"modified":"2020-01-23T07:22:23","modified_gmt":"2020-01-23T10:22:23","slug":"sisu-registra-25-milhoes-de-inscricoes","status":"publish","type":"post","link":"https:\/\/www.caririemacao.com\/1\/2020\/01\/23\/sisu-registra-25-milhoes-de-inscricoes\/","title":{"rendered":"Sisu registra 2,5 milh\u00f5es de inscri\u00e7\u00f5es"},"content":{"rendered":"\n<p>Mais de 2,5 milh\u00f5es de inscri\u00e7\u00f5es foram realizadas no Sistema de Sele\u00e7\u00e3o Unificada (Sisu) at\u00e9 as 20h20 desta quarta-feira. Segundo o Minist\u00e9rio da Educa\u00e7\u00e3o, o n\u00famero de inscritos chegou a 1,31 milh\u00e3o de estudantes.&nbsp;<\/p>\n\n\n\n<p>\u201cO sistema est\u00e1 rodando normalmente. N\u00e3o teve interrup\u00e7\u00e3o. Est\u00e1 tudo funcionando\u201d, disse o ministro da Educa\u00e7\u00e3o, Abraham Weintraub, em v\u00eddeo publicado em rede social.<\/p>\n\n\n\n<figure class=\"wp-block-image\"><a href=\"https:\/\/twitter.com\/MEC_Comunicacao\"><img decoding=\"async\" data-src=\"https:\/\/pbs.twimg.com\/profile_images\/1192476324193095681\/tvlwOKkF_bigger.jpg\" alt=\"\" src=\"data:image\/svg+xml;base64,PHN2ZyB3aWR0aD0iMSIgaGVpZ2h0PSIxIiB4bWxucz0iaHR0cDovL3d3dy53My5vcmcvMjAwMC9zdmciPjwvc3ZnPg==\" class=\"lazyload\" \/><\/a><\/figure>\n\n\n\n<p><a href=\"https:\/\/twitter.com\/MEC_Comunicacao\"><strong>Minist\u00e9rio da Educa\u00e7\u00e3o<\/strong><strong>&#x2714;<\/strong>@MEC_Comunicacao<\/a><a href=\"https:\/\/twitter.com\/MEC_Comunicacao\/status\/1220123834726191104\"><\/a><\/p>\n\n\n\n<p>O ministro da Educa\u00e7\u00e3o, Abraham Weintraub, destaca que o Sisu est\u00e1 funcionando normalmente: at\u00e9 esta quarta-feira (22), mais de 2,5 milh\u00f5es de inscri\u00e7\u00f5es foram registradas pelo sistema. Assista:<a href=\"https:\/\/twitter.com\/MEC_Comunicacao\/status\/1220123834726191104\"><\/a><a href=\"https:\/\/twitter.com\/intent\/like?tweet_id=1220123834726191104\">520<\/a><a href=\"https:\/\/twitter.com\/MEC_Comunicacao\/status\/1220123834726191104\">20:19 &#8211; 22 de jan de 2020<\/a><a href=\"https:\/\/support.twitter.com\/articles\/20175256\">Informa\u00e7\u00f5es e privacidade no Twitter Ads<\/a><a href=\"https:\/\/twitter.com\/MEC_Comunicacao\/status\/1220123834726191104\">157 pessoas est\u00e3o falando sobre isso<\/a><\/p>\n\n\n\n<p>A pasta ressalta que entre meia-noite e 1 h desta quinta-feira (23), o Sisu ser\u00e1 interrompido para que seja realizada a classifica\u00e7\u00e3o de todas as inscri\u00e7\u00f5es. O per\u00edodo para inscri\u00e7\u00f5es no Sisu fica aberto at\u00e9 as 23h59 do dia 26. O Sisu \u00e9 a principal forma de acesso ao ensino superior p\u00fablico com a nota do Ensino Nacional do Ensino M\u00e9dio (Enem), divulgada na semana passada.<\/p>\n\n\n\n<p>Nesta tarde, a pasta informou que<a href=\"http:\/\/agenciabrasil.ebc.com.br\/educacao\/noticia\/2020-01\/cerca-de-70-das-inscricoes-do-sisu-sao-feitas-por-dispositivos-moveis\" target=\"_blank\" rel=\"noreferrer noopener\">&nbsp;cerca de 70% das inscri\u00e7\u00f5es<\/a>&nbsp;do Sisu t\u00eam sido feitas por dispositivos m\u00f3veis, como celulares e tablets. No in\u00edcio das inscri\u00e7\u00f5es, o sistema chegou a registrar 7 mil inscri\u00e7\u00f5es por minuto e apresentou lentid\u00e3o. Segundo o MEC, a dificuldade em acessar a p\u00e1gina eletr\u00f4nica foi registrada ap\u00f3s mudan\u00e7a do sistema, que nessa edi\u00e7\u00e3o est\u00e1 armazenado em nuvem.&nbsp;<\/p>\n\n\n\n<p>Para participar da sele\u00e7\u00e3o, \u00e9 necess\u00e1rio n\u00e3o ter zerado a reda\u00e7\u00e3o na edi\u00e7\u00e3o de 2019 do exame. Neste semestre, s\u00e3o 237.128 vagas em 128 institui\u00e7\u00f5es de ensino superior p\u00fablicas de todo o pa\u00eds. A inscri\u00e7\u00e3o \u00e9 gratuita e deve ser feita na p\u00e1gina do programa na internet.<\/p>\n","protected":false},"excerpt":{"rendered":"<p>Mais de 2,5 milh\u00f5es de inscri\u00e7\u00f5es foram realizadas no Sistema de Sele\u00e7\u00e3o Unificada (Sisu) at\u00e9 as 20h20 desta quarta-feira. Segundo o Minist\u00e9rio da Educa\u00e7\u00e3o, o&hellip; <\/p>\n","protected":false},"author":1,"featured_media":82344,"comment_status":"closed","ping_status":"closed","sticky":false,"template":"","format":"standard","meta":{"sfsi_plus_gutenberg_text_before_share":"","sfsi_plus_gutenberg_show_text_before_share":"","sfsi_plus_gutenberg_icon_type":"","sfsi_plus_gutenberg_icon_alignemt":"","sfsi_plus_gutenburg_max_per_row":"","footnotes":""},"categories":[14],"tags":[],"class_list":["post-148371","post","type-post","status-publish","format-standard","has-post-thumbnail","hentry","category-educacao"],"_links":{"self":[{"href":"https:\/\/www.caririemacao.com\/1\/wp-json\/wp\/v2\/posts\/148371","targetHints":{"allow":["GET"]}}],"collection":[{"href":"https:\/\/www.caririemacao.com\/1\/wp-json\/wp\/v2\/posts"}],"about":[{"href":"https:\/\/www.caririemacao.com\/1\/wp-json\/wp\/v2\/types\/post"}],"author":[{"embeddable":true,"href":"https:\/\/www.caririemacao.com\/1\/wp-json\/wp\/v2\/users\/1"}],"replies":[{"embeddable":true,"href":"https:\/\/www.caririemacao.com\/1\/wp-json\/wp\/v2\/comments?post=148371"}],"version-history":[{"count":1,"href":"https:\/\/www.caririemacao.com\/1\/wp-json\/wp\/v2\/posts\/148371\/revisions"}],"predecessor-version":[{"id":148372,"href":"https:\/\/www.caririemacao.com\/1\/wp-json\/wp\/v2\/posts\/148371\/revisions\/148372"}],"wp:featuredmedia":[{"embeddable":true,"href":"https:\/\/www.caririemacao.com\/1\/wp-json\/wp\/v2\/media\/82344"}],"wp:attachment":[{"href":"https:\/\/www.caririemacao.com\/1\/wp-json\/wp\/v2\/media?parent=148371"}],"wp:term":[{"taxonomy":"category","embeddable":true,"href":"https:\/\/www.caririemacao.com\/1\/wp-json\/wp\/v2\/categories?post=148371"},{"taxonomy":"post_tag","embeddable":true,"href":"https:\/\/www.caririemacao.com\/1\/wp-json\/wp\/v2\/tags?post=148371"}],"curies":[{"name":"wp","href":"https:\/\/api.w.org\/{rel}","templated":true}]}}