{"id":148374,"date":"2020-01-23T07:23:31","date_gmt":"2020-01-23T10:23:31","guid":{"rendered":"http:\/\/www.caririemacao.com\/1\/?p=148374"},"modified":"2020-01-23T07:23:33","modified_gmt":"2020-01-23T10:23:33","slug":"bolsonaro-embarca-hoje-para-visita-oficial-a-india","status":"publish","type":"post","link":"https:\/\/www.caririemacao.com\/1\/2020\/01\/23\/bolsonaro-embarca-hoje-para-visita-oficial-a-india\/","title":{"rendered":"Bolsonaro embarca hoje para visita oficial \u00e0 \u00cdndia"},"content":{"rendered":"\n<p>O presidente Jair Bolsonaro embarca, na manh\u00e3 de hoje (23), para a \u00cdndia, onde \u00e9 convidado especial para as celebra\u00e7\u00f5es do Dia da Rep\u00fablica, no pr\u00f3ximo&nbsp;domingo (26). A viagem deve incluir a assinatura de pelo menos&nbsp;<a href=\"http:\/\/agenciabrasil.ebc.com.br\/internacional\/noticia\/2020-01\/bolsonaro-deve-assinar-de-10-12-acordos-comerciais-em-viagem-india\" target=\"_blank\" rel=\"noreferrer noopener\">dez acordos bilaterais<\/a>, em \u00e1reas como seguran\u00e7a cibern\u00e9tica, bioenergia e sa\u00fade. A previs\u00e3o \u00e9 que o avi\u00e3o&nbsp;presidencial chegue a Nova Delhi por volta das 16h desta sexta-feira (24), hor\u00e1rio local, sem compromissos oficiais previstos.&nbsp;<\/p>\n\n\n\n<p>No dia seguinte (25), o presidente brasileiro cumpre agenda com protocolo de visita de Estado, que inclui reuni\u00f5es com o presidente indiano, Ram Nath Kovind,&nbsp;e o primeiro-ministro e chefe de governo do pa\u00eds Narendra Modi, para assinatura de acordos entre os dois pa\u00edses, al\u00e9m de uma declara\u00e7\u00e3o \u00e0 imprensa. Tamb\u00e9m est\u00e1&nbsp;programada, no mesmo dia, uma visita ao Memorial em homenagem ao pacifista indiano Mahatma Gandhi. No domingo (26), Bolsonaro participar\u00e1 das comemora\u00e7\u00f5es do Dia da Rep\u00fablica da \u00cdndia.&nbsp;<\/p>\n\n\n\n<p>No dia 27, tamb\u00e9m em Nova Delhi, Bolsonaro participa de caf\u00e9 da manh\u00e3 com empres\u00e1rios indianos para apresentar oportunidades de neg\u00f3cios no Brasil, \u206fcom foco em investimentos no setor de infraestrutura. Depois, haver\u00e1 um semin\u00e1rio entre empres\u00e1rios dos dois pa\u00edses. Na sequ\u00eancia, a comitiva brasileira embarca para Agra, cidade que abriga o famoso mausol\u00e9u Taj Mahal, um dos principais monumentos da \u00cdndia. Ser\u00e1 o \u00faltimo compromisso oficial de Bolsonaro no pa\u00eds asi\u00e1tico. Depois disso, ele embarca de volta ao Brasil, onde deve chegar na ter\u00e7a-feira (28), ainda sem previs\u00e3o de hor\u00e1rio. .&nbsp;<\/p>\n\n\n\n<p>A comitiva de Bolsonaro \u00e9 formada pelos ministros Ernesto Ara\u00fajo (Rela\u00e7\u00f5es Exteriores), Marcos Pontes (Ci\u00eancia, Tecnologia, Inova\u00e7\u00f5es e Comunica\u00e7\u00f5es), Bento Albuquerque (Minas e Energia), Teresa Cristina (Agricultura), Augusto Heleno (Gabinete de Seguran\u00e7a Institucional). O presidente da Caixa Econ\u00f4mica Federal, Pedro Guimar\u00e3es, o secret\u00e1rio da Pesca, Jorge Seif, o senador Luiz Carlos Heinze (PP-RS), o deputado federal Eduardo Bolsonaro (Sem Partido-SP) e o deputado federal Filipe Barros (Sem Partido-PR) tamb\u00e9m acompanham o presidente.<\/p>\n\n\n\n<h2 class=\"wp-block-heading\">Vistos<\/h2>\n\n\n\n<p>Apesar de o governo trabalhar nesse sentido, Bolsonaro n\u00e3o deve anunciar durante a viagem a isen\u00e7\u00e3o de visto de entrada para turistas indianos. Isso porque ainda est\u00e3o&nbsp;em andamento estudos que permitam viabilizar a medida, segundo o governo.<\/p>\n\n\n\n<p>No ano passado, o Brasil isentou de visto de entrada os turistas provenientes de Jap\u00e3o, da Austr\u00e1lia, do Canad\u00e1 e dos Estados Unidos. A medida foi tomada sem que houvesse&nbsp;reciprocidade desses pa\u00edses em rela\u00e7\u00e3o aos turistas brasileiros.&nbsp;&nbsp;<\/p>\n","protected":false},"excerpt":{"rendered":"<p>O presidente Jair Bolsonaro embarca, na manh\u00e3 de hoje (23), para a \u00cdndia, onde \u00e9 convidado especial para as celebra\u00e7\u00f5es do Dia da Rep\u00fablica, no&hellip; <\/p>\n","protected":false},"author":1,"featured_media":146802,"comment_status":"closed","ping_status":"closed","sticky":false,"template":"","format":"standard","meta":{"sfsi_plus_gutenberg_text_before_share":"","sfsi_plus_gutenberg_show_text_before_share":"","sfsi_plus_gutenberg_icon_type":"","sfsi_plus_gutenberg_icon_alignemt":"","sfsi_plus_gutenburg_max_per_row":"","footnotes":""},"categories":[11],"tags":[],"class_list":["post-148374","post","type-post","status-publish","format-standard","has-post-thumbnail","hentry","category-politica"],"_links":{"self":[{"href":"https:\/\/www.caririemacao.com\/1\/wp-json\/wp\/v2\/posts\/148374","targetHints":{"allow":["GET"]}}],"collection":[{"href":"https:\/\/www.caririemacao.com\/1\/wp-json\/wp\/v2\/posts"}],"about":[{"href":"https:\/\/www.caririemacao.com\/1\/wp-json\/wp\/v2\/types\/post"}],"author":[{"embeddable":true,"href":"https:\/\/www.caririemacao.com\/1\/wp-json\/wp\/v2\/users\/1"}],"replies":[{"embeddable":true,"href":"https:\/\/www.caririemacao.com\/1\/wp-json\/wp\/v2\/comments?post=148374"}],"version-history":[{"count":1,"href":"https:\/\/www.caririemacao.com\/1\/wp-json\/wp\/v2\/posts\/148374\/revisions"}],"predecessor-version":[{"id":148375,"href":"https:\/\/www.caririemacao.com\/1\/wp-json\/wp\/v2\/posts\/148374\/revisions\/148375"}],"wp:featuredmedia":[{"embeddable":true,"href":"https:\/\/www.caririemacao.com\/1\/wp-json\/wp\/v2\/media\/146802"}],"wp:attachment":[{"href":"https:\/\/www.caririemacao.com\/1\/wp-json\/wp\/v2\/media?parent=148374"}],"wp:term":[{"taxonomy":"category","embeddable":true,"href":"https:\/\/www.caririemacao.com\/1\/wp-json\/wp\/v2\/categories?post=148374"},{"taxonomy":"post_tag","embeddable":true,"href":"https:\/\/www.caririemacao.com\/1\/wp-json\/wp\/v2\/tags?post=148374"}],"curies":[{"name":"wp","href":"https:\/\/api.w.org\/{rel}","templated":true}]}}