{"id":148381,"date":"2020-01-23T07:30:30","date_gmt":"2020-01-23T10:30:30","guid":{"rendered":"http:\/\/www.caririemacao.com\/1\/?p=148381"},"modified":"2020-01-23T07:30:32","modified_gmt":"2020-01-23T10:30:32","slug":"presidente-do-tj-analisara-impacto-da-suspensao-do-juiz-de-garantia-na-pb","status":"publish","type":"post","link":"https:\/\/www.caririemacao.com\/1\/2020\/01\/23\/presidente-do-tj-analisara-impacto-da-suspensao-do-juiz-de-garantia-na-pb\/","title":{"rendered":"Presidente do TJ analisar\u00e1 impacto da suspens\u00e3o do juiz de garantia na PB"},"content":{"rendered":"\n<p>O presidente do Tribunal de Justi\u00e7a da Para\u00edba, desembargador M\u00e1rcio Murilo, afirmou, na noite desta quarta-feira (22), que j\u00e1 estuda a decis\u00e3o de suspens\u00e3o do instituto do juiz de garantias tomada nesta tarde pelo vice-presidente do Supremo Tribunal Federal (STF), ministro Luiz Fux. Murilo vai verificar at\u00e9 que ponto o entendimento do ministro afeta a resolu\u00e7\u00e3o do Judici\u00e1rio paraibano que torna obrigat\u00f3ria a audi\u00eancia de cust\u00f3dia no Estado.<\/p>\n\n\n\n<p>\u201cEstou vendo a resolu\u00e7\u00e3o do ministro Fux para a pr\u00f3xima quinta-feira e ver se afeta a resolu\u00e7\u00e3o do Tribunal que torna obrigat\u00f3rio a audi\u00eancia de cust\u00f3dia. O ministro Fux concedeu s\u00f3 parcialmente a liminar. No que tange a audi\u00eancia de cust\u00f3dia, estamos ainda em an\u00e1lise\u201d, disse o desembargador ao&nbsp;<strong>Portal MaisPB<\/strong>.<\/p>\n\n\n\n<p>A resolu\u00e7\u00e3o do TJPB para as audi\u00eancias de cust\u00f3dias j\u00e1 havia sido referendada pelo Pleno do Tribunal durante esta tarde.<\/p>\n\n\n\n<p>\u201cHoje o pleno j\u00e1 referendou uma resolu\u00e7\u00e3o que assinei ontem tornando obrigat\u00f3rio a audi\u00eancia de cust\u00f3dia. Em rela\u00e7\u00e3o ao juiz de garantia, o ministro Dias Toffoli j\u00e1 havia dado uma liminar que tinha um prazo de seis meses para implantar. A gente n\u00e3o havia deliberado sobre isso no pleno, o que deliberamos \u00e9 se a liminar do Fux foi sobre audi\u00eancia de cust\u00f3dia\u201d, destacou.<\/p>\n\n\n\n<p>Como a decis\u00e3o de Fux \u00e9 recente, M\u00e1rcio Murilo disse que vai estudar a liminar para avaliar seus reflexos.<\/p>\n\n\n\n<p>\u201cEstamos lendo a liminar, que s\u00e3o 45 laudas e que chegou para mim agora. Estamos lendo e interpretando a decis\u00e3o de Fux\u201d, finalizou.<\/p>\n\n\n\n<p>O juiz de garantias \u00e9 estabelecido pelo pacote anticrime do Governo Federal aprovado pelo Congresso Nacional em dezembro de 2019.<\/p>\n\n\n\n<p>Mais PB <\/p>\n","protected":false},"excerpt":{"rendered":"<p>O presidente do Tribunal de Justi\u00e7a da Para\u00edba, desembargador M\u00e1rcio Murilo, afirmou, na noite desta quarta-feira (22), que j\u00e1 estuda a decis\u00e3o de suspens\u00e3o do&hellip; <\/p>\n","protected":false},"author":1,"featured_media":148384,"comment_status":"closed","ping_status":"closed","sticky":false,"template":"","format":"standard","meta":{"sfsi_plus_gutenberg_text_before_share":"","sfsi_plus_gutenberg_show_text_before_share":"","sfsi_plus_gutenberg_icon_type":"","sfsi_plus_gutenberg_icon_alignemt":"","sfsi_plus_gutenburg_max_per_row":"","footnotes":""},"categories":[2],"tags":[],"class_list":["post-148381","post","type-post","status-publish","format-standard","has-post-thumbnail","hentry","category-geral"],"_links":{"self":[{"href":"https:\/\/www.caririemacao.com\/1\/wp-json\/wp\/v2\/posts\/148381","targetHints":{"allow":["GET"]}}],"collection":[{"href":"https:\/\/www.caririemacao.com\/1\/wp-json\/wp\/v2\/posts"}],"about":[{"href":"https:\/\/www.caririemacao.com\/1\/wp-json\/wp\/v2\/types\/post"}],"author":[{"embeddable":true,"href":"https:\/\/www.caririemacao.com\/1\/wp-json\/wp\/v2\/users\/1"}],"replies":[{"embeddable":true,"href":"https:\/\/www.caririemacao.com\/1\/wp-json\/wp\/v2\/comments?post=148381"}],"version-history":[{"count":1,"href":"https:\/\/www.caririemacao.com\/1\/wp-json\/wp\/v2\/posts\/148381\/revisions"}],"predecessor-version":[{"id":148385,"href":"https:\/\/www.caririemacao.com\/1\/wp-json\/wp\/v2\/posts\/148381\/revisions\/148385"}],"wp:featuredmedia":[{"embeddable":true,"href":"https:\/\/www.caririemacao.com\/1\/wp-json\/wp\/v2\/media\/148384"}],"wp:attachment":[{"href":"https:\/\/www.caririemacao.com\/1\/wp-json\/wp\/v2\/media?parent=148381"}],"wp:term":[{"taxonomy":"category","embeddable":true,"href":"https:\/\/www.caririemacao.com\/1\/wp-json\/wp\/v2\/categories?post=148381"},{"taxonomy":"post_tag","embeddable":true,"href":"https:\/\/www.caririemacao.com\/1\/wp-json\/wp\/v2\/tags?post=148381"}],"curies":[{"name":"wp","href":"https:\/\/api.w.org\/{rel}","templated":true}]}}