{"id":148387,"date":"2020-01-23T07:32:42","date_gmt":"2020-01-23T10:32:42","guid":{"rendered":"http:\/\/www.caririemacao.com\/1\/?p=148387"},"modified":"2020-01-23T07:32:44","modified_gmt":"2020-01-23T10:32:44","slug":"pb-registra-reducao-no-numero-de-homicidios","status":"publish","type":"post","link":"https:\/\/www.caririemacao.com\/1\/2020\/01\/23\/pb-registra-reducao-no-numero-de-homicidios\/","title":{"rendered":"PB registra redu\u00e7\u00e3o no n\u00famero de homic\u00eddios"},"content":{"rendered":"\n<p> A Para\u00edba apresentou uma redu\u00e7\u00e3o de 22% nas ocorr\u00eancias de Crimes Violentos Letais Intencionais (CVLI), que s\u00e3o os homic\u00eddios dolosos ou qualquer crime doloso que resulte em morte, e de 13% nos assassinatos de mulheres, no ano passado. \u00c9 o que aponta o Anu\u00e1rio da Seguran\u00e7a P\u00fablica na Para\u00edba apresentado ao governador Jo\u00e3o Azev\u00eado nesta quarta-feira (22), durante reuni\u00e3o com as for\u00e7as de Seguran\u00e7a, realizada no Pal\u00e1cio da Reden\u00e7\u00e3o, em Jo\u00e3o Pessoa.<\/p>\n\n\n\n<p>Outros indicadores criminais foram apresentados, n\u00e3o s\u00f3 em rela\u00e7\u00e3o aos crimes contra a vida, como tamb\u00e9m referentes a crimes contra o patrim\u00f4nio e apreens\u00e3o de armas e drogas, entre outros. Participaram da reuni\u00e3o gestores da Pol\u00edcia Militar, da Pol\u00edcia Civil, do Corpo de Bombeiros Militar e da Administra\u00e7\u00e3o Penitenci\u00e1ria.<\/p>\n\n\n\n<p>Na ocasi\u00e3o, tamb\u00e9m foi apresentado o planejamento estrat\u00e9gico da Secretaria de Estado da Seguran\u00e7a P\u00fablica e da Secretaria de Estado da Administra\u00e7\u00e3o Penitenci\u00e1ria para os pr\u00f3ximos anos.<\/p>\n\n\n\n<p>Na oportunidade, o governador Jo\u00e3o Azev\u00eado destacou o aumento de investimentos na seguran\u00e7a e enalteceu o trabalho de homens e mulheres que integram o segmento. \u201cN\u00f3s fechamos um ano muito importante para a seguran\u00e7a p\u00fablica e esses resultados nos alegram e aumentam a nossa responsabilidade para que os n\u00fameros possam melhorar cada vez mais e tenho a certeza de que a unidade continuar\u00e1 fazendo a diferen\u00e7a para que todo o trabalho desenvolvido seja preservado\u201d, disse.<\/p>\n\n\n\n<p>O secret\u00e1rio da Seguran\u00e7a e da Defesa Social, Jean Francisco Nunes, assegurou o esfor\u00e7o da gest\u00e3o para fortalecer as a\u00e7\u00f5es e ampliar os bons \u00edndices em 2020. \u201cN\u00f3s vamos continuar com um trabalho forte e integrado, com o apoio fundamental do governador que tem liderado esse processo de uma maneira positiva, fazendo com que a gente tenha inspira\u00e7\u00e3o e empolga\u00e7\u00e3o para continuar trabalhando. Todos os investimentos em reestrutura\u00e7\u00e3o f\u00edsica e de carreira dos policiais, como promo\u00e7\u00f5es e autonomia financeira da Pol\u00edcia Civil, permitiram um \u00e2nimo diferenciado na tropa e n\u00f3s temos uma expectativa muito boa para este ano, com inaugura\u00e7\u00f5es de delegacias, aquisi\u00e7\u00e3o de novos equipamentos e mais a\u00e7\u00f5es de maneira geral\u201d, afirmou.<\/p>\n\n\n\n<p>\u201cEsses n\u00fameros s\u00e3o frutos de muito trabalho dos profissionais que est\u00e3o nas ruas, sob a lideran\u00e7a firme do governador Jo\u00e3o Azev\u00eado e de um conjunto de investimentos, da qualifica\u00e7\u00e3o t\u00e9cnico-profissional e log\u00edstica, al\u00e9m do relacionamento que, a cada dia, tem sido aprimorado. N\u00f3s vamos buscar reduzir ainda mais os crimes contra a vida, mas tamb\u00e9m contra o patrim\u00f4nio, com opera\u00e7\u00f5es espec\u00edficas em um ano desafiador, que vamos encarar com mais policiamento nas ruas, preven\u00e7\u00e3o, repress\u00e3o qualificada e muito amor a uma causa em defesa do povo da Para\u00edba\u201d, evidenciou o comandante-geral da Pol\u00edcia Militar, coronel Euller Chaves.<\/p>\n\n\n\n<p>O secret\u00e1rio da Administra\u00e7\u00e3o Penitenci\u00e1ria, S\u00e9rgio Fonseca, explicou que o Planejamento Estrat\u00e9gico elaborado para a Pasta visa a redu\u00e7\u00e3o da reincid\u00eancia criminal, com foco em \u00e1reas estrat\u00e9gicas como a\u00e7\u00e3o social, sa\u00fade e educa\u00e7\u00e3o. \u201cN\u00f3s identificamos que elevar o n\u00edvel de reintegra\u00e7\u00e3o social \u00e9 o principal objetivo da administra\u00e7\u00e3o penitenci\u00e1ria. Uma das a\u00e7\u00f5es j\u00e1 iniciadas \u00e9 o Escrit\u00f3rio Social e a lei 11.613, que trata do incentivo \u00e0s empresas a constru\u00edrem parcerias com o sistema prisional, porque entendemos que \u00e9 preciso oferecer dignidade para as pessoas que est\u00e3o reclusas, o que resultar\u00e1, automaticamente, na diminui\u00e7\u00e3o da reincid\u00eancia criminal\u201d, pontuou.<\/p>\n\n\n\n<p>Dados \u2013 O relat\u00f3rio do N\u00facleo de An\u00e1lise Criminal e Estat\u00edstica da Secretaria da Seguran\u00e7a e da Defesa Social (Sesds) mostra que em 2019 foram registrados 942 assassinatos na Para\u00edba, contra 1.210 no ano anterior, o que representa a menor quantidade de homic\u00eddios da d\u00e9cada. A redu\u00e7\u00e3o acumulada desde 2011 chega a 44% e a taxa saiu de 44,3 mortes por 100 mil habitantes para 23,4 (-47%). Ainda de acordo com o documento, no ano passado 63 munic\u00edpios paraibanos n\u00e3o registraram assassinatos. Os casos de latroc\u00ednio tamb\u00e9m tiveram redu\u00e7\u00e3o de 24% com 34 casos registrados em 2018 e 26 casos em 2019, com taxa de 0.65 ocorr\u00eancias por 100 mil habitantes.<\/p>\n","protected":false},"excerpt":{"rendered":"<p>A Para\u00edba apresentou uma redu\u00e7\u00e3o de 22% nas ocorr\u00eancias de Crimes Violentos Letais Intencionais (CVLI), que s\u00e3o os homic\u00eddios dolosos ou qualquer crime doloso que&hellip; <\/p>\n","protected":false},"author":1,"featured_media":2876,"comment_status":"closed","ping_status":"closed","sticky":false,"template":"","format":"standard","meta":{"sfsi_plus_gutenberg_text_before_share":"","sfsi_plus_gutenberg_show_text_before_share":"","sfsi_plus_gutenberg_icon_type":"","sfsi_plus_gutenberg_icon_alignemt":"","sfsi_plus_gutenburg_max_per_row":"","footnotes":""},"categories":[12],"tags":[],"class_list":["post-148387","post","type-post","status-publish","format-standard","has-post-thumbnail","hentry","category-policia"],"_links":{"self":[{"href":"https:\/\/www.caririemacao.com\/1\/wp-json\/wp\/v2\/posts\/148387","targetHints":{"allow":["GET"]}}],"collection":[{"href":"https:\/\/www.caririemacao.com\/1\/wp-json\/wp\/v2\/posts"}],"about":[{"href":"https:\/\/www.caririemacao.com\/1\/wp-json\/wp\/v2\/types\/post"}],"author":[{"embeddable":true,"href":"https:\/\/www.caririemacao.com\/1\/wp-json\/wp\/v2\/users\/1"}],"replies":[{"embeddable":true,"href":"https:\/\/www.caririemacao.com\/1\/wp-json\/wp\/v2\/comments?post=148387"}],"version-history":[{"count":1,"href":"https:\/\/www.caririemacao.com\/1\/wp-json\/wp\/v2\/posts\/148387\/revisions"}],"predecessor-version":[{"id":148388,"href":"https:\/\/www.caririemacao.com\/1\/wp-json\/wp\/v2\/posts\/148387\/revisions\/148388"}],"wp:featuredmedia":[{"embeddable":true,"href":"https:\/\/www.caririemacao.com\/1\/wp-json\/wp\/v2\/media\/2876"}],"wp:attachment":[{"href":"https:\/\/www.caririemacao.com\/1\/wp-json\/wp\/v2\/media?parent=148387"}],"wp:term":[{"taxonomy":"category","embeddable":true,"href":"https:\/\/www.caririemacao.com\/1\/wp-json\/wp\/v2\/categories?post=148387"},{"taxonomy":"post_tag","embeddable":true,"href":"https:\/\/www.caririemacao.com\/1\/wp-json\/wp\/v2\/tags?post=148387"}],"curies":[{"name":"wp","href":"https:\/\/api.w.org\/{rel}","templated":true}]}}