{"id":148392,"date":"2020-01-23T08:17:22","date_gmt":"2020-01-23T11:17:22","guid":{"rendered":"http:\/\/www.caririemacao.com\/1\/?p=148392"},"modified":"2020-01-23T08:17:37","modified_gmt":"2020-01-23T11:17:37","slug":"tragedia-homem-assassina-primo-em-frente-a-igreja-catolica-de-sao-joao-do-cariri-e-depois-tenta-tirar-a-propria-vida","status":"publish","type":"post","link":"https:\/\/www.caririemacao.com\/1\/2020\/01\/23\/tragedia-homem-assassina-primo-em-frente-a-igreja-catolica-de-sao-joao-do-cariri-e-depois-tenta-tirar-a-propria-vida\/","title":{"rendered":"TRAG\u00c9DIA: Homem assassina primo em frente a igreja cat\u00f3lica de S\u00e3o Jo\u00e3o do Cariri e depois tenta tirar a pr\u00f3pria vida"},"content":{"rendered":"\n<p>No in\u00edcio da manh\u00e3 desta quinta-feira(23) uma verdadeira trag\u00e9dia aconteceu em pleno centro da cidade de S\u00e3o Jo\u00e3o do Cariri, em frente a igreja cat\u00f3lica.<\/p>\n\n\n\n<p>Segundo informa\u00e7\u00f5es apuradas at\u00e9 o momento, por volta das 5h da manh\u00e3 o s\u00e3ojo\u00e3oense Rozinaldo Pereira Ribeiro conhecido por Naldinho disparou com tiro de espingarda calibre 32 na altura do torax contra o seu primo Mauro Ribeiro Guimar\u00e3es, que veio a falecer no local do crime.<\/p>\n\n\n\n<p>Momentos depois, Naldinho tentou tirar a pr\u00f3pria vida, disparando um tiro de arma de fogo dentro da boca. Naldinho ficou gravemente ferido e foi socorrido pela SAMU e levado as pressas para o Hospital de Emerg\u00eancia e Trauma de Campina Grande.<\/p>\n\n\n\n<p>A guarni\u00e7\u00e3o da Policia Militar est\u00e1 no local do crime, agudando a chegada do IPC e a unidade do GEMOL.<\/p>\n\n\n\n<p>Os motivos que teriam levado ao crime ainda s\u00e3o desconhecidos. Familiares, amigos e a popula\u00e7\u00e3o \u2018M\u00e3e do Cariri\u2019 est\u00e3o em estado de choque e tristes pelo ocorrido.<\/p>\n\n\n\n<p><em>Maiores informa\u00e7\u00f5es a qualquer momento.<\/em><\/p>\n\n\n\n<p><strong>De Olho no Cariri<\/strong><\/p>\n","protected":false},"excerpt":{"rendered":"<p>No in\u00edcio da manh\u00e3 desta quinta-feira(23) uma verdadeira trag\u00e9dia aconteceu em pleno centro da cidade de S\u00e3o Jo\u00e3o do Cariri, em frente a igreja cat\u00f3lica.&hellip; <\/p>\n","protected":false},"author":1,"featured_media":148393,"comment_status":"closed","ping_status":"closed","sticky":false,"template":"","format":"standard","meta":{"sfsi_plus_gutenberg_text_before_share":"","sfsi_plus_gutenberg_show_text_before_share":"","sfsi_plus_gutenberg_icon_type":"","sfsi_plus_gutenberg_icon_alignemt":"","sfsi_plus_gutenburg_max_per_row":"","footnotes":""},"categories":[50,12],"tags":[],"class_list":["post-148392","post","type-post","status-publish","format-standard","has-post-thumbnail","hentry","category-destaque","category-policia"],"_links":{"self":[{"href":"https:\/\/www.caririemacao.com\/1\/wp-json\/wp\/v2\/posts\/148392","targetHints":{"allow":["GET"]}}],"collection":[{"href":"https:\/\/www.caririemacao.com\/1\/wp-json\/wp\/v2\/posts"}],"about":[{"href":"https:\/\/www.caririemacao.com\/1\/wp-json\/wp\/v2\/types\/post"}],"author":[{"embeddable":true,"href":"https:\/\/www.caririemacao.com\/1\/wp-json\/wp\/v2\/users\/1"}],"replies":[{"embeddable":true,"href":"https:\/\/www.caririemacao.com\/1\/wp-json\/wp\/v2\/comments?post=148392"}],"version-history":[{"count":1,"href":"https:\/\/www.caririemacao.com\/1\/wp-json\/wp\/v2\/posts\/148392\/revisions"}],"predecessor-version":[{"id":148394,"href":"https:\/\/www.caririemacao.com\/1\/wp-json\/wp\/v2\/posts\/148392\/revisions\/148394"}],"wp:featuredmedia":[{"embeddable":true,"href":"https:\/\/www.caririemacao.com\/1\/wp-json\/wp\/v2\/media\/148393"}],"wp:attachment":[{"href":"https:\/\/www.caririemacao.com\/1\/wp-json\/wp\/v2\/media?parent=148392"}],"wp:term":[{"taxonomy":"category","embeddable":true,"href":"https:\/\/www.caririemacao.com\/1\/wp-json\/wp\/v2\/categories?post=148392"},{"taxonomy":"post_tag","embeddable":true,"href":"https:\/\/www.caririemacao.com\/1\/wp-json\/wp\/v2\/tags?post=148392"}],"curies":[{"name":"wp","href":"https:\/\/api.w.org\/{rel}","templated":true}]}}