{"id":148396,"date":"2020-01-23T10:29:22","date_gmt":"2020-01-23T13:29:22","guid":{"rendered":"http:\/\/www.caririemacao.com\/1\/?p=148396"},"modified":"2020-01-23T10:29:23","modified_gmt":"2020-01-23T13:29:23","slug":"mulher-sem-maos-e-pernas-tem-pedido-de-beneficio-negado-pelo-inss-por-nao-poder-assinar-papel","status":"publish","type":"post","link":"https:\/\/www.caririemacao.com\/1\/2020\/01\/23\/mulher-sem-maos-e-pernas-tem-pedido-de-beneficio-negado-pelo-inss-por-nao-poder-assinar-papel\/","title":{"rendered":"Mulher sem m\u00e3os e pernas tem pedido de benef\u00edcio negado pelo INSS por n\u00e3o poder assinar papel"},"content":{"rendered":"\n<p>Uma mulher sem m\u00e3os e pernas teve um pedido de benef\u00edcio negado por n\u00e3o poder assinar os documentos oficiais que autorizam o pagamento do aux\u00edlio pelo Instituto Nacional do Seguro Social (INSS), em Porto Velho, no Roraima.<\/p>\n\n\n\n<p>Em entrevista ao Jornal de Rond\u00f4nia 1\u00aa Edi\u00e7\u00e3o, a ex-sinaleira Cleomar Marques conta que entrou com tr\u00eas pedidos no INSS em 2019, mas todas as solicita\u00e7\u00f5es foram negadas. Uma delas porque Cleomar n\u00e3o poderia assinar os pap\u00e9is.<\/p>\n\n\n\n<p>\u201cUma servidora puxou os pap\u00e9is e perguntou: \u2018quem vai assinar? Voc\u00ea assina?\u2019. Eu disse que n\u00e3o podia assinar, mas sim a minha filha ou minha m\u00e3e. A mulher ent\u00e3o olhou e disse: \u2018ah, ent\u00e3o n\u00e3o vale\u2019. Da\u00ed ela pegou, rasurou o papel e jogou fora\u201d, afirma.<br>Mesmo com a negativa do INSS, Cleomar fez um novo requerimento para tentar um benef\u00edcio assistencial \u00e0 pessoa portadora de defici\u00eancia,que tamb\u00e9m foi indeferido por ela ter uma renda per capta familiar superior a 1\/4 do sal\u00e1rio m\u00ednimo, ou seja, uma m\u00e9dia de R$ 238,50.<\/p>\n\n\n\n<p>\u00c0 Rede Amaz\u00f4nica, o INSS informou que a renda foi apurada com as informa\u00e7\u00f5es do Cadastro \u00danico (Cad\u00danico) para programas sociais do governo.<\/p>\n\n\n\n<p>Em um terceiro requerimento, a ex-sinaleira teve a solicita\u00e7\u00e3o de benef\u00edcio indeferida porque o INSS alegou \u201cfalta do per\u00edodo de car\u00eancia\u201d.<\/p>\n\n\n\n<p>Cleomar diz que precisa do aux\u00edlio do INSS, pois n\u00e3o pode trabalhar e sua filha fica em casa para ajud\u00e1-la na alimenta\u00e7\u00e3o e banho, por exemplo. Atualmente, m\u00e3e e filha dependem de doa\u00e7\u00f5es para sobreviver.<\/p>\n\n\n\n<p>\u201cOlha, \u00e9 um constrangimento para mim tudo isso. Eu trabalhava, tinha minha vida e agora sou dependente dos outros. \u00c9 a minha filha, \u00fanica que mora comigo, que faz tudo para mim\u201d, desabafa.<br>Amputa\u00e7\u00f5es dos membros<br>Cleomar trabalhava como sinaleira em uma das usinas de Porto Velho e, de uma hora pra outra, passou a sentir dores fortes no est\u00f4mago. Ela foi v\u00e1rias vezes na emerg\u00eancia e o m\u00e9dico desconfiou de uma gastrite.<\/p>\n\n\n\n<p>A mulher ent\u00e3o fez um novo exame e o foi informada que seu problema poderia ser Helicobacter pylori, uma bact\u00e9ria que aparece na mucosa do est\u00f4mago. Em uma outra consulta o m\u00e9dico informou que o problema era na ves\u00edcula.<\/p>\n\n\n\n<p>A dor continuou e, ap\u00f3s idas e vindas na emerg\u00eancia, Cleomar pediu para ser internada no pronto socorro do Hospital Jo\u00e3o Paulo II.<\/p>\n\n\n\n<p>Foi ent\u00e3o que os m\u00e9dicos decidiram operar a paciente. Ap\u00f3s a cirurgia, Cleomar entrou em coma, teve infec\u00e7\u00e3o generalizada e os membros foram necrosando. Quando acordou n\u00e3o tinha mais os membros inferiores e superiores.<\/p>\n\n\n\n<p>\u201cQuando eu acordei eu j\u00e1 estava assim [amputada]. Abriram tudo em mim, mas eu n\u00e3o vi nada. S\u00f3 lembro de entrar na sala de cirurgia\u201d, diz.<\/p>\n\n\n\n<p><strong>O que diz o INSS?<\/strong><br>Segundo a assessoria de comunica\u00e7\u00e3o do INSS, foi solicitado ao instituto um aux\u00edlio-doen\u00e7a para Cleomar e este foi indeferido por falta de per\u00edodo de car\u00eancia, no ano passado. Depois, um novo benef\u00edcio foi solicitado, tamb\u00e9m sendo indeferido por apresentar renda per capita familiar superior a 1\/4 do sal\u00e1rio m\u00ednimo.<\/p>\n\n\n\n<p>Ainda segundo o INSS, a renda da fam\u00edlia foi apurada em raz\u00e3o das informa\u00e7\u00f5es constantes do cadastro \u00fanico para programas do governo federal.<\/p>\n\n\n\n<p>O INSS informou ainda que atendeu pessoalmente a filha de Cleomar e foi informado que um novo requerimento poderia ser feito se houvesse altera\u00e7\u00e3o da composi\u00e7\u00e3o do grupo e tamb\u00e9m da renda familiar junto ao Cad\u00fanico.<\/p>\n\n\n\n<p>Ainda segundo o instituto, Cleomar agora pode procurar o INSS, pois poder\u00e1 solicitar o requerimento de um novo benef\u00edcio.<\/p>\n\n\n\n<p><em>Com Rede Amaz\u00f4nica \u2013 Porto Velho<\/em><\/p>\n","protected":false},"excerpt":{"rendered":"<p>Uma mulher sem m\u00e3os e pernas teve um pedido de benef\u00edcio negado por n\u00e3o poder assinar os documentos oficiais que autorizam o pagamento do aux\u00edlio&hellip; <\/p>\n","protected":false},"author":1,"featured_media":148397,"comment_status":"closed","ping_status":"closed","sticky":false,"template":"","format":"standard","meta":{"sfsi_plus_gutenberg_text_before_share":"","sfsi_plus_gutenberg_show_text_before_share":"","sfsi_plus_gutenberg_icon_type":"","sfsi_plus_gutenberg_icon_alignemt":"","sfsi_plus_gutenburg_max_per_row":"","footnotes":""},"categories":[50,2],"tags":[],"class_list":["post-148396","post","type-post","status-publish","format-standard","has-post-thumbnail","hentry","category-destaque","category-geral"],"_links":{"self":[{"href":"https:\/\/www.caririemacao.com\/1\/wp-json\/wp\/v2\/posts\/148396","targetHints":{"allow":["GET"]}}],"collection":[{"href":"https:\/\/www.caririemacao.com\/1\/wp-json\/wp\/v2\/posts"}],"about":[{"href":"https:\/\/www.caririemacao.com\/1\/wp-json\/wp\/v2\/types\/post"}],"author":[{"embeddable":true,"href":"https:\/\/www.caririemacao.com\/1\/wp-json\/wp\/v2\/users\/1"}],"replies":[{"embeddable":true,"href":"https:\/\/www.caririemacao.com\/1\/wp-json\/wp\/v2\/comments?post=148396"}],"version-history":[{"count":1,"href":"https:\/\/www.caririemacao.com\/1\/wp-json\/wp\/v2\/posts\/148396\/revisions"}],"predecessor-version":[{"id":148398,"href":"https:\/\/www.caririemacao.com\/1\/wp-json\/wp\/v2\/posts\/148396\/revisions\/148398"}],"wp:featuredmedia":[{"embeddable":true,"href":"https:\/\/www.caririemacao.com\/1\/wp-json\/wp\/v2\/media\/148397"}],"wp:attachment":[{"href":"https:\/\/www.caririemacao.com\/1\/wp-json\/wp\/v2\/media?parent=148396"}],"wp:term":[{"taxonomy":"category","embeddable":true,"href":"https:\/\/www.caririemacao.com\/1\/wp-json\/wp\/v2\/categories?post=148396"},{"taxonomy":"post_tag","embeddable":true,"href":"https:\/\/www.caririemacao.com\/1\/wp-json\/wp\/v2\/tags?post=148396"}],"curies":[{"name":"wp","href":"https:\/\/api.w.org\/{rel}","templated":true}]}}