{"id":148404,"date":"2020-01-23T10:33:18","date_gmt":"2020-01-23T13:33:18","guid":{"rendered":"http:\/\/www.caririemacao.com\/1\/?p=148404"},"modified":"2020-01-23T10:33:21","modified_gmt":"2020-01-23T13:33:21","slug":"empaer-de-amparo-recebe-sementes-de-milho-e-feijao-para-serem-distribuidas-aos-produtores-do-municipio","status":"publish","type":"post","link":"https:\/\/www.caririemacao.com\/1\/2020\/01\/23\/empaer-de-amparo-recebe-sementes-de-milho-e-feijao-para-serem-distribuidas-aos-produtores-do-municipio\/","title":{"rendered":"EMPAER de Amparo recebe sementes de milho e feij\u00e3o para serem distribu\u00eddas aos produtores do munic\u00edpio"},"content":{"rendered":"\n<p>A Empresa Paraibana de Pesquisa, Extens\u00e3o Rural e Regulariza\u00e7\u00e3o Fundi\u00e1ria (Empaer),&nbsp; do munic\u00edpio de Amparo, recebeu sementes de feij\u00e3o e milho para serem distribu\u00eddas aos produtores do munic\u00edpio, na oportunidade a Prefeitura reitera a parceria que tem juntamente ao governo Estadual de facilitar a vida dos nossos produtores, afirmou o Prefeito In\u00e1cio N\u00f3brega.<\/p>\n\n\n\n<p>Em tempo, estiveram na coleta das sementes na unidade de Sum\u00e9, produtores, o t\u00e9cnico da Empaer, sr. Edmilson e o vereador Luiz Pequeno.<\/p>\n\n\n\n<p>Amparo Ligado com Melk Zedeck<\/p>\n","protected":false},"excerpt":{"rendered":"<p>A Empresa Paraibana de Pesquisa, Extens\u00e3o Rural e Regulariza\u00e7\u00e3o Fundi\u00e1ria (Empaer),&nbsp; do munic\u00edpio de Amparo, recebeu sementes de feij\u00e3o e milho para serem distribu\u00eddas aos&hellip; <\/p>\n","protected":false},"author":1,"featured_media":148405,"comment_status":"closed","ping_status":"closed","sticky":false,"template":"","format":"standard","meta":{"sfsi_plus_gutenberg_text_before_share":"","sfsi_plus_gutenberg_show_text_before_share":"","sfsi_plus_gutenberg_icon_type":"","sfsi_plus_gutenberg_icon_alignemt":"","sfsi_plus_gutenburg_max_per_row":"","footnotes":""},"categories":[6],"tags":[],"class_list":["post-148404","post","type-post","status-publish","format-standard","has-post-thumbnail","hentry","category-cidades"],"_links":{"self":[{"href":"https:\/\/www.caririemacao.com\/1\/wp-json\/wp\/v2\/posts\/148404","targetHints":{"allow":["GET"]}}],"collection":[{"href":"https:\/\/www.caririemacao.com\/1\/wp-json\/wp\/v2\/posts"}],"about":[{"href":"https:\/\/www.caririemacao.com\/1\/wp-json\/wp\/v2\/types\/post"}],"author":[{"embeddable":true,"href":"https:\/\/www.caririemacao.com\/1\/wp-json\/wp\/v2\/users\/1"}],"replies":[{"embeddable":true,"href":"https:\/\/www.caririemacao.com\/1\/wp-json\/wp\/v2\/comments?post=148404"}],"version-history":[{"count":1,"href":"https:\/\/www.caririemacao.com\/1\/wp-json\/wp\/v2\/posts\/148404\/revisions"}],"predecessor-version":[{"id":148406,"href":"https:\/\/www.caririemacao.com\/1\/wp-json\/wp\/v2\/posts\/148404\/revisions\/148406"}],"wp:featuredmedia":[{"embeddable":true,"href":"https:\/\/www.caririemacao.com\/1\/wp-json\/wp\/v2\/media\/148405"}],"wp:attachment":[{"href":"https:\/\/www.caririemacao.com\/1\/wp-json\/wp\/v2\/media?parent=148404"}],"wp:term":[{"taxonomy":"category","embeddable":true,"href":"https:\/\/www.caririemacao.com\/1\/wp-json\/wp\/v2\/categories?post=148404"},{"taxonomy":"post_tag","embeddable":true,"href":"https:\/\/www.caririemacao.com\/1\/wp-json\/wp\/v2\/tags?post=148404"}],"curies":[{"name":"wp","href":"https:\/\/api.w.org\/{rel}","templated":true}]}}