{"id":148409,"date":"2020-01-23T10:35:37","date_gmt":"2020-01-23T13:35:37","guid":{"rendered":"http:\/\/www.caririemacao.com\/1\/?p=148409"},"modified":"2020-01-23T10:35:40","modified_gmt":"2020-01-23T13:35:40","slug":"pesquisa-cnt-mda-bolsonaro-lidera-intencao-de-voto-para-2022-seguido-por-lula","status":"publish","type":"post","link":"https:\/\/www.caririemacao.com\/1\/2020\/01\/23\/pesquisa-cnt-mda-bolsonaro-lidera-intencao-de-voto-para-2022-seguido-por-lula\/","title":{"rendered":"PESQUISA CNT\/MDA: Bolsonaro lidera inten\u00e7\u00e3o de voto para 2022 seguido por Lula"},"content":{"rendered":"\n<div class=\"wp-block-image\"><figure class=\"aligncenter\"><a href=\"http:\/\/noticiasemdestaque.com\/cd\/wp-content\/uploads\/2020\/01\/lulabolsonaro-868x644_a7b0d1c755eccb58629a8ae0.jpg\"><img decoding=\"async\" data-src=\"http:\/\/noticiasemdestaque.com\/cd\/wp-content\/uploads\/2020\/01\/lulabolsonaro-868x644_a7b0d1c755eccb58629a8ae0.jpg\" alt=\"\" class=\"wp-image-22272 lazyload\" src=\"data:image\/svg+xml;base64,PHN2ZyB3aWR0aD0iMSIgaGVpZ2h0PSIxIiB4bWxucz0iaHR0cDovL3d3dy53My5vcmcvMjAwMC9zdmciPjwvc3ZnPg==\" \/><\/a><\/figure><\/div>\n\n\n\n<p>O presidente Jair Bolsonaro (sem partido) lidera a inten\u00e7\u00e3o de voto para corrida presidencial de 2022, segundo pesquisa da CNT (Confedera\u00e7\u00e3o Nacional do Transporte), encomendada ao instituto MDA. Ele, que tem 29,1% das inten\u00e7\u00f5es, vem seguido pelo ex-presidente Luiz In\u00e1cio Lula da Silva (PT), com 17%Veja abaixo a inten\u00e7\u00e3o de voto dos brasileiros para as elei\u00e7\u00f5es de 2022:<\/p>\n\n\n\n<p>Jair Bolsonaro \u2013 29,1%<br>Lula \u2013 17%<br>Ciro Gomes \u2013 3,5%<br>Sergio Moro \u2013 2,4%<br>Fernando Haddad \u2013 2,3%<br>Jo\u00e3o Amoedo \u2013 1,1%<br>Luciano Huck \u2013 0,5%<br>Marina Silva \u2013 0,4%<br>Dilma Rousseff \u2013 0,3%<br>Jo\u00e3o Doria \u2013 0,3%<br>Outros \u2013 2,4%<br>Branco\/Nulo \u2013 10,5%<br>N\u00e3o sabe\/n\u00e3o respondeu \u2013 30,2%<\/p>\n","protected":false},"excerpt":{"rendered":"<p>O presidente Jair Bolsonaro (sem partido) lidera a inten\u00e7\u00e3o de voto para corrida presidencial de 2022, segundo pesquisa da CNT (Confedera\u00e7\u00e3o Nacional do Transporte), encomendada&hellip; <\/p>\n","protected":false},"author":1,"featured_media":148413,"comment_status":"closed","ping_status":"closed","sticky":false,"template":"","format":"standard","meta":{"sfsi_plus_gutenberg_text_before_share":"","sfsi_plus_gutenberg_show_text_before_share":"","sfsi_plus_gutenberg_icon_type":"","sfsi_plus_gutenberg_icon_alignemt":"","sfsi_plus_gutenburg_max_per_row":"","footnotes":""},"categories":[11],"tags":[],"class_list":["post-148409","post","type-post","status-publish","format-standard","has-post-thumbnail","hentry","category-politica"],"_links":{"self":[{"href":"https:\/\/www.caririemacao.com\/1\/wp-json\/wp\/v2\/posts\/148409","targetHints":{"allow":["GET"]}}],"collection":[{"href":"https:\/\/www.caririemacao.com\/1\/wp-json\/wp\/v2\/posts"}],"about":[{"href":"https:\/\/www.caririemacao.com\/1\/wp-json\/wp\/v2\/types\/post"}],"author":[{"embeddable":true,"href":"https:\/\/www.caririemacao.com\/1\/wp-json\/wp\/v2\/users\/1"}],"replies":[{"embeddable":true,"href":"https:\/\/www.caririemacao.com\/1\/wp-json\/wp\/v2\/comments?post=148409"}],"version-history":[{"count":1,"href":"https:\/\/www.caririemacao.com\/1\/wp-json\/wp\/v2\/posts\/148409\/revisions"}],"predecessor-version":[{"id":148414,"href":"https:\/\/www.caririemacao.com\/1\/wp-json\/wp\/v2\/posts\/148409\/revisions\/148414"}],"wp:featuredmedia":[{"embeddable":true,"href":"https:\/\/www.caririemacao.com\/1\/wp-json\/wp\/v2\/media\/148413"}],"wp:attachment":[{"href":"https:\/\/www.caririemacao.com\/1\/wp-json\/wp\/v2\/media?parent=148409"}],"wp:term":[{"taxonomy":"category","embeddable":true,"href":"https:\/\/www.caririemacao.com\/1\/wp-json\/wp\/v2\/categories?post=148409"},{"taxonomy":"post_tag","embeddable":true,"href":"https:\/\/www.caririemacao.com\/1\/wp-json\/wp\/v2\/tags?post=148409"}],"curies":[{"name":"wp","href":"https:\/\/api.w.org\/{rel}","templated":true}]}}