{"id":148417,"date":"2020-01-23T10:37:55","date_gmt":"2020-01-23T13:37:55","guid":{"rendered":"http:\/\/www.caririemacao.com\/1\/?p=148417"},"modified":"2020-01-23T10:37:56","modified_gmt":"2020-01-23T13:37:56","slug":"sisu-2020-1-inscricoes-abertas-ate-o-domingo-dia-26","status":"publish","type":"post","link":"https:\/\/www.caririemacao.com\/1\/2020\/01\/23\/sisu-2020-1-inscricoes-abertas-ate-o-domingo-dia-26\/","title":{"rendered":"SiSU 2020.1: Inscri\u00e7\u00f5es abertas at\u00e9 o domingo, dia 26"},"content":{"rendered":"\n<p>O resultado do Exame Nacional do Ensino M\u00e9dio (Enem) saiu e, agora, come\u00e7a a corrida pela t\u00e3o sonhada vaga no Ensino Superior neste primeiro semestre de 2020. E a oportunidade para quem quer ingressar em uma institui\u00e7\u00e3o p\u00fablica j\u00e1 est\u00e1 batendo \u00e0 porta: o&nbsp;<a href=\"https:\/\/sisu.mec.gov.br\/\" target=\"_blank\" rel=\"noreferrer noopener\">Sistema de Sele\u00e7\u00e3o Unificada (SiSU)<\/a>&nbsp;abrir\u00e1 inscri\u00e7\u00f5es nesta ter\u00e7a-feira, dia 21. Na&nbsp;Universidade Federal de Campina Grande (UFCG),&nbsp;est\u00e3o sendo&nbsp;ofertadas&nbsp;3.160 vagas, sendo sendo 1.568 vagas de ampla concorr\u00eancia e 1.592 reservadas pela lei de cotas, distribu\u00eddas em 76 cursos nos seus sete campi: Campina Grande, Cajazeiras, Cuit\u00e9, Patos, Pombal, Sousa e Sum\u00e9.<\/p>\n\n\n\n<p>Podem se candidatar aos cursos da institui\u00e7\u00e3o participantes da edi\u00e7\u00e3o 2019&nbsp;do Enem que tiraram nota acima de zero na reda\u00e7\u00e3o e que tenham obtido m\u00e9dia m\u00ednima de&nbsp;400 pontos.&nbsp;As inscri\u00e7\u00f5es seguem at\u00e9&nbsp;o pr\u00f3ximo domingo, dia 26.<\/p>\n\n\n\n<p>Cada candidato poder\u00e1 se inscrever em at\u00e9 duas vagas, especificando a ordem de prefer\u00eancia, o turno no qual pretende estudar, al\u00e9m da modalidade em que&nbsp;se encaixa (ampla concorr\u00eancia ou sistema de cotas). Durante o per\u00edodo de inscri\u00e7\u00e3o, ser\u00e1 poss\u00edvel mudar a op\u00e7\u00e3o escolhida, uma vez que ser\u00e1 validada apenas a \u00faltima inscri\u00e7\u00e3o.<\/p>\n\n\n\n<p>O resultado com os nomes dos candidatos classificados na chamada regular ser\u00e1 divulgado&nbsp;pelo SiSU&nbsp;no dia 28 de janeiro. O cadastramento na UFCG acontece nos dias 3 e 4&nbsp;de fevereiro, na coordena\u00e7\u00e3o do curso para qual o candidato foi classificado.<\/p>\n\n\n\n<p>Os candidatos n\u00e3o classificados na chamada regular e que desejam participar da lista de espera devem manifestar interesse no site do SiSU no per\u00edodo de 29&nbsp;de janeiro a 4 de fevereiro.&nbsp;As convoca\u00e7\u00f5es em lista de espera&nbsp;pela&nbsp;UFCG&nbsp;come\u00e7am no dia 7 de fevereiro. Est\u00e3o previstas at\u00e9 quatro chamadas, conforme exist\u00eancia de vagas.<\/p>\n\n\n\n<p>Confira o&nbsp;<a href=\"https:\/\/comprov.ufcg.edu.br\/phocadownload\/userupload\/graduacao\/sisu2020.1\/Edital%20PRE%20N%2036%20SiSU%202020.1.pdf\" target=\"_blank\" rel=\"noreferrer noopener\">edital SiSU\/UFCG 2020.1<\/a>, bem como as vagas ofertadas pela institui\u00e7\u00e3o neste primeiro semestre do ano, no&nbsp;<a href=\"https:\/\/comprov.ufcg.edu.br\/component\/phocadownload\/category\/41-legislacao.html\" target=\"_blank\" rel=\"noreferrer noopener\">link<\/a>.<\/p>\n\n\n\n<p><strong>Notas de Corte<\/strong><\/p>\n\n\n\n<p>O Minist\u00e9rio da Educa\u00e7\u00e3o (MEC) disponibiliza um sistema gratuito para simular&nbsp;as possibilidades de ingresso no curso escolhido. Ele \u00e9 baseado em&nbsp;edi\u00e7\u00f5es passadas do SiSU e d\u00e1&nbsp;ao candidato a possibilidade de&nbsp;prever se ele&nbsp;pode ou n\u00e3o ser convocado&nbsp;pela institui\u00e7\u00e3o desejada. As informa\u00e7\u00f5es est\u00e3o dispon\u00edveis na&nbsp;<a href=\"https:\/\/sisu.mec.gov.br\/\" target=\"_blank\" rel=\"noreferrer noopener\">p\u00e1gina do SiSU<\/a>.<\/p>\n\n\n\n<p>(Ascom&nbsp;UFCG)<\/p>\n","protected":false},"excerpt":{"rendered":"<p>O resultado do Exame Nacional do Ensino M\u00e9dio (Enem) saiu e, agora, come\u00e7a a corrida pela t\u00e3o sonhada vaga no Ensino Superior neste primeiro semestre&hellip; <\/p>\n","protected":false},"author":1,"featured_media":148420,"comment_status":"closed","ping_status":"closed","sticky":false,"template":"","format":"standard","meta":{"sfsi_plus_gutenberg_text_before_share":"","sfsi_plus_gutenberg_show_text_before_share":"","sfsi_plus_gutenberg_icon_type":"","sfsi_plus_gutenberg_icon_alignemt":"","sfsi_plus_gutenburg_max_per_row":"","footnotes":""},"categories":[50,14],"tags":[],"class_list":["post-148417","post","type-post","status-publish","format-standard","has-post-thumbnail","hentry","category-destaque","category-educacao"],"_links":{"self":[{"href":"https:\/\/www.caririemacao.com\/1\/wp-json\/wp\/v2\/posts\/148417","targetHints":{"allow":["GET"]}}],"collection":[{"href":"https:\/\/www.caririemacao.com\/1\/wp-json\/wp\/v2\/posts"}],"about":[{"href":"https:\/\/www.caririemacao.com\/1\/wp-json\/wp\/v2\/types\/post"}],"author":[{"embeddable":true,"href":"https:\/\/www.caririemacao.com\/1\/wp-json\/wp\/v2\/users\/1"}],"replies":[{"embeddable":true,"href":"https:\/\/www.caririemacao.com\/1\/wp-json\/wp\/v2\/comments?post=148417"}],"version-history":[{"count":1,"href":"https:\/\/www.caririemacao.com\/1\/wp-json\/wp\/v2\/posts\/148417\/revisions"}],"predecessor-version":[{"id":148421,"href":"https:\/\/www.caririemacao.com\/1\/wp-json\/wp\/v2\/posts\/148417\/revisions\/148421"}],"wp:featuredmedia":[{"embeddable":true,"href":"https:\/\/www.caririemacao.com\/1\/wp-json\/wp\/v2\/media\/148420"}],"wp:attachment":[{"href":"https:\/\/www.caririemacao.com\/1\/wp-json\/wp\/v2\/media?parent=148417"}],"wp:term":[{"taxonomy":"category","embeddable":true,"href":"https:\/\/www.caririemacao.com\/1\/wp-json\/wp\/v2\/categories?post=148417"},{"taxonomy":"post_tag","embeddable":true,"href":"https:\/\/www.caririemacao.com\/1\/wp-json\/wp\/v2\/tags?post=148417"}],"curies":[{"name":"wp","href":"https:\/\/api.w.org\/{rel}","templated":true}]}}