{"id":148428,"date":"2020-01-23T10:43:52","date_gmt":"2020-01-23T13:43:52","guid":{"rendered":"http:\/\/www.caririemacao.com\/1\/?p=148428"},"modified":"2020-01-23T10:43:55","modified_gmt":"2020-01-23T13:43:55","slug":"dor-por-carregar-mochila-pesada-e-frequente-em-criancas","status":"publish","type":"post","link":"https:\/\/www.caririemacao.com\/1\/2020\/01\/23\/dor-por-carregar-mochila-pesada-e-frequente-em-criancas\/","title":{"rendered":"Dor por carregar mochila pesada \u00e9 frequente em crian\u00e7as"},"content":{"rendered":"\n<p>A volta \u00e0s aulas se aproxima. Al\u00e9m da compra de materiais escolares, os pais precisam ficar atentos ao peso, ao modelo da mochila e se ela est\u00e1 adequada ao tamanho da crian\u00e7a.<\/p>\n\n\n\n<p>Casos de crian\u00e7as com dores nas costas por carregar as malas s\u00e3o comuns nos consult\u00f3rios m\u00e9dicos, embora estudos sobre o tema sejam controversos, afirma o ortopedista pedi\u00e1trico David Nordon.<\/p>\n\n\n\n<p>\u201cAtendi uma crian\u00e7a hoje com dor nas costas por causa da mochila. Ela j\u00e1 estava com o problema h\u00e1 um tempo, mas os pais adiaram a consulta por causa das f\u00e9rias\u201d, conta.<\/p>\n\n\n\n<p>\u201cNa cl\u00ednica a gente v\u00ea muitas reclama\u00e7\u00f5es de dor por carregar a mala pesada, ent\u00e3o, na pr\u00e1tica, existe uma associa\u00e7\u00e3o. Mas alguns estudos fazem essa associa\u00e7\u00e3o e outros n\u00e3o\u201d, completa.<\/p>\n\n\n\n<p>Entretanto, de acordo com a OMS (Organiza\u00e7\u00e3o Mundial da Sa\u00fade), aproximadamente 70% dos problemas de coluna que surgem na fase adulta est\u00e3o relacionados ao excesso de peso carregado nos anos escolares.<\/p>\n\n\n\n<p>Nordon esclarece mala pesada puxa as costas das crian\u00e7as para tr\u00e1s e acentua todas as curvas da coluna.<\/p>\n\n\n\n<p>\u201cO recomendado \u00e9 que a mochila n\u00e3o ultrapasse 10% do peso corporal\u201d, ressalta. Assim, se a crian\u00e7a pesa 30 kg, sua mochila deve ter, no m\u00e1ximo, 3 kg.<\/p>\n\n\n\n<p>\u201cAlguns estudos mostram que passar desse limite gera um deslocamento do centro de gravidade do corpo. Assim, a crian\u00e7a n\u00e3o fica em uma posi\u00e7\u00e3o natural, o que pode causar dores\u201d, explica.<\/p>\n\n\n\n<p>O especialista tamb\u00e9m alerta para as dores causadas por carteiras escolares irregulares. \u201cElas n\u00e3o s\u00e3o feitas para comportar as crian\u00e7as de forma adequada\u201d, afirma.<\/p>\n\n\n\n<div class=\"wp-block-group is-layout-flow wp-block-group-is-layout-flow\"><div class=\"wp-block-group__inner-container\"><\/div><\/div>\n\n\n\n<p>Com R7<\/p>\n","protected":false},"excerpt":{"rendered":"<p>A volta \u00e0s aulas se aproxima. Al\u00e9m da compra de materiais escolares, os pais precisam ficar atentos ao peso, ao modelo da mochila e se&hellip; <\/p>\n","protected":false},"author":1,"featured_media":148429,"comment_status":"closed","ping_status":"closed","sticky":false,"template":"","format":"standard","meta":{"sfsi_plus_gutenberg_text_before_share":"","sfsi_plus_gutenberg_show_text_before_share":"","sfsi_plus_gutenberg_icon_type":"","sfsi_plus_gutenberg_icon_alignemt":"","sfsi_plus_gutenburg_max_per_row":"","footnotes":""},"categories":[50,16],"tags":[],"class_list":["post-148428","post","type-post","status-publish","format-standard","has-post-thumbnail","hentry","category-destaque","category-saude"],"_links":{"self":[{"href":"https:\/\/www.caririemacao.com\/1\/wp-json\/wp\/v2\/posts\/148428","targetHints":{"allow":["GET"]}}],"collection":[{"href":"https:\/\/www.caririemacao.com\/1\/wp-json\/wp\/v2\/posts"}],"about":[{"href":"https:\/\/www.caririemacao.com\/1\/wp-json\/wp\/v2\/types\/post"}],"author":[{"embeddable":true,"href":"https:\/\/www.caririemacao.com\/1\/wp-json\/wp\/v2\/users\/1"}],"replies":[{"embeddable":true,"href":"https:\/\/www.caririemacao.com\/1\/wp-json\/wp\/v2\/comments?post=148428"}],"version-history":[{"count":1,"href":"https:\/\/www.caririemacao.com\/1\/wp-json\/wp\/v2\/posts\/148428\/revisions"}],"predecessor-version":[{"id":148430,"href":"https:\/\/www.caririemacao.com\/1\/wp-json\/wp\/v2\/posts\/148428\/revisions\/148430"}],"wp:featuredmedia":[{"embeddable":true,"href":"https:\/\/www.caririemacao.com\/1\/wp-json\/wp\/v2\/media\/148429"}],"wp:attachment":[{"href":"https:\/\/www.caririemacao.com\/1\/wp-json\/wp\/v2\/media?parent=148428"}],"wp:term":[{"taxonomy":"category","embeddable":true,"href":"https:\/\/www.caririemacao.com\/1\/wp-json\/wp\/v2\/categories?post=148428"},{"taxonomy":"post_tag","embeddable":true,"href":"https:\/\/www.caririemacao.com\/1\/wp-json\/wp\/v2\/tags?post=148428"}],"curies":[{"name":"wp","href":"https:\/\/api.w.org\/{rel}","templated":true}]}}